{"id":6007,"date":"2022-12-21T11:23:30","date_gmt":"2022-12-21T11:23:30","guid":{"rendered":"http:\/\/~\/category_mark\/__la_facultad_en_modo_verano__\/1007"},"modified":"2025-02-11T10:14:38","modified_gmt":"2025-02-11T13:14:38","slug":"__la_facultad_en_modo_verano__","status":"publish","type":"post","link":"https:\/\/www.fcaglp.unlp.edu.ar\/index.php\/__la_facultad_en_modo_verano__\/","title":{"rendered":"Receso laboral y acad\u00e9mico: la Facultad en modo verano"},"content":{"rendered":"<p style=\"text-align: justify;\"><strong>Durante el mes de enero la Universidad Nacional de La Plata inicia su receso. Ac&aacute; te dejamos algunas notas que hicimos durante el a&ntilde;o para que puedas leer durante las vacaciones. En febrero volvemos con las funciones en el Planetario, el curso de ingreso, las actividades laborales, de investigaci&oacute;n, extensi&oacute;n, docentes y nodocentes.&nbsp;En la Facultad de Cs. Astron&oacute;micas y Geof&iacute;sicas s&oacute;lo habr&aacute; guardias m&iacute;nimas y esenciales<\/strong><\/p>\n<p style=\"text-align: justify;\">&iexcl;Hasta el a&ntilde;o que viene!<\/p>\n<p style=\"text-align: center;\">***<\/p>\n<p style=\"text-align: center;\">&nbsp;<\/p>\n<p style=\"text-align: justify;\">Hay una nueva l&iacute;nea de trabajo dentro del Laboratorio MAGGIA (de Meteorolog&iacute;a espacial, Atm&oacute;sfera terrestre, Geodesia, Geodin&aacute;mica, dise&ntilde;o de Instrumental y Astrometr&iacute;a) que toma a la Geociencia para la industria del petr&oacute;leo y el gas como una herramienta necesaria para formar y capacitar a graduados que ya est&aacute;n insertos en el campo profesional, o est&aacute;n pr&oacute;ximos a ese paso.<\/p>\n<p style=\"text-align: justify;\"><a href=\"\/articulo\/2022\/6\/29\/juan_moirano___estamos_tomando_decadas_de_experiencia_de_trabajo_en_la_industria_hidrocarburifera_para_traerla_a_la_facultad_\">Volv&eacute; a leer la nota al Dr. en Geof&iacute;sica Juan Moirano que, junto a los geof&iacute;sicos Juan Tavella y Federico Sp&auml;th , llevan adelante el seminario: T&eacute;cnicas de caracterizaci&oacute;n s&iacute;smica de reservorios, que propone intensificar el v&iacute;nculo entre la formaci&oacute;n universitaria y la industria del petr&oacute;leo y el gas.<\/a><\/p>\n<p style=\"text-align: justify;\">{{multimedia:2419|}}<\/p>\n<p style=\"text-align: center;\">***<\/p>\n<div><span style=\"text-align: justify;\">Jimena Rodr&iacute;guez es graduada de la Facultad de Ciencias Astron&oacute;micas y Geof&iacute;sicas, es Doctora en Astronom&iacute;a, trabajaba en el Instituto de Astrof&iacute;sica de La Plata (IALP-CONICET-UNLP) y est&aacute; en Arizona, EEUU, analizando las im&aacute;genes del Telescopio James Webb. &#8220;Es s&uacute;per importante que mujeres lideren proyectos como &eacute;ste&#8221;, dice Jimena Rodr&iacute;guez. <\/span><a style=\"text-align: justify;\" href=\"\/articulo\/2022\/7\/17\/jimena_rodriguez__graduada_de_la_fcag__procesara_las_imagenes_del_james_webb____es_super_importante_que_las_mujeres_lideren_proyectos_como_este_\">Volv&eacute; a leer la nota<\/a><span style=\"text-align: justify;\">.<\/span><\/div>\n<div><span style=\"text-align: justify;\"><br \/><\/span><\/div>\n<div><span style=\"text-align: justify;\">{{multimedia:2420|}}<\/span><\/div>\n<div><span style=\"text-align: justify;\"><br \/><\/span><\/div>\n<div style=\"text-align: center;\">***<\/div>\n<div><span style=\"text-align: justify;\">&iquest;Pueden haber sismos en la cuenca de Neuqu&eacute;n? &iquest;El fracking pudo haber afectado el equilibrio tect&oacute;nico en la zona? Los mapas que muestran la peligrosidad s&iacute;smica de la Cuenca Neuquina, y del pa&iacute;s, fueron realizados por INPRES en base a informaci&oacute;n s&iacute;smica hasta 1983.<\/span><\/div>\n<p style=\"text-align: justify;\">Andrea Rodr&iacute;guez es Geof&iacute;sica recibida en la Facultad de Cs. Astron&oacute;micas y Geof&iacute;sicas y su tesis tuvo que ver con la actualizaci&oacute;n de los mapas de peligrosidad s&iacute;smica en la Cuenca Neuquina. <a href=\"\/articulo\/2022\/7\/15\/andrea_rodriguez__un_mapa_para_dimensionar_la_peligrosidad_sismica_de_la_cuenca_de_neuquen\">Volv&eacute; a leer la nota en la que cuenta el tema que present&oacute; para graduarse.<\/a><\/p>\n<p style=\"text-align: justify;\">{{multimedia:2421|}}<\/p>\n<p style=\"text-align: justify;\">&nbsp;<\/p>\n<div style=\"text-align: center;\">***<\/div>\n<p style=\"text-align: justify;\">-&iexcl;Qu&eacute; feo est&aacute;, qu&eacute; fr&iacute;o hace!<\/p>\n<p style=\"text-align: justify;\">-Feo es vivir en la calle, maestro.<br \/>-&iquest;Observan el cielo? Ahora, donde est&aacute;n ustedes, &iquest;pueden ver el cielo? <br \/>-S&oacute;lo cuando nos dejan salir al patio.<\/p>\n<p style=\"text-align: justify;\">Uno de los proyectos de extensi&oacute;n de la Facultad de Ciencias Astron&oacute;micas y Geof&iacute;sicas es  &#8220;Derecho al cielo nocturno&#8221;, donde chicos de entre 16 y 18 a&ntilde;os que est&aacute;n privados de la libertad en los centros cerrados de la ciudad visitan el Planetario y hacen experimentos. Seg&uacute;n la Comisi&oacute;n Provincial por la Memoria, a diciembre del 2021, la cantidad de poblaci&oacute;n encerrada ascend&iacute;a a 516 j&oacute;venes; de ese total, 24 son no punibles, es decir ni&ntilde;os y ni&ntilde;as de 15 o menos a&ntilde;os.<\/p>\n<p style=\"text-align: justify;\"><a href=\"\/articulo\/2022\/9\/20\/los_pibes_de_el_castillito_volvieron_al_planetario\">Volv&eacute; a leer la nota.<\/a><\/p>\n<p style=\"text-align: justify;\">{{multimedia:2422|}}<\/p>\n<p style=\"text-align: justify;\">&nbsp;<\/p>\n<div style=\"text-align: center;\">***<\/div>\n<p style=\"text-align: justify;\">&iquest;Todos los seres humanos experimentan el cielo de la misma manera? &iquest;Es una experiencia universal?<\/p>\n<p style=\"text-align: justify;\">&iquest;Cu&aacute;l es el criterio para decidir c&oacute;mo son las cosas? Quien nombra es quien ejerce el mecanismo de poder. C&oacute;mo nombrar es importante porque construye realidad y, por eso, el poder siempre est&aacute; interesado en nombrar el mundo. &iquest;Qu&eacute; es la astronom&iacute;a cultural?<a href=\"\/articulo\/2022\/10\/27\/_que_cielos_estamos_viendo___introduccion_a_la_astronomia_cultural\"> El Mg. en Antropolog&iacute;a y Lic. en Astronom&iacute;a Alejandro L&oacute;pez hace una introducci&oacute;n general.<\/a><\/p>\n<p style=\"text-align: justify;\">{{multimedia:2423|}}<\/p>\n<div style=\"text-align: center;\">***<\/div>\n<p style=\"text-align: justify;\">Hace 335 a&ntilde;os, el 5 de julio de 1687, Isaac Newton public&oacute; una obra que cambi&oacute; el mundo para siempre: Principios Matem&aacute;ticos de la Filosof&iacute;a Natural; un libro donde se desarrollan los fundamentos de la f&iacute;sica y de la astronom&iacute;a y que tambi&eacute;n se lo conoce como &#8220;Principia Mathematica&#8221;. Muchas personas lo consideran como el libro m&aacute;s importante de la historia.<\/p>\n<p style=\"text-align: justify;\">&iquest;Sab&iacute;as que un ejemplar original forma parte de la biblioteca de la Facultad de Ciencias Astron&oacute;micas y Geof&iacute;sicas? Es uno de los tantos que forman parte del patrimonio hist&oacute;rico del Observatorio de La Plata. <a href=\"\/articulo\/2022\/7\/5\/335_anos_de_uno_de_los_libros_mas_importantes_de_la_historia__principios_matematicos_de_la_filosofia_natural\">Volv&eacute; a leer la nota.<\/a><\/p>\n<p style=\"text-align: justify;\">{{multimedia:2427|}}<\/p>\n<p style=\"text-align: justify;\">&nbsp;<\/p>\n<div style=\"text-align: center;\">***<\/div>\n<p style=\"text-align: justify;\">La quema de los humedales de las islas frente a Rosario-Victoria, sequ&iacute;as abruptas, olas de calor cada vez m&aacute;s fuertes y lluvias que provocan inundaciones: si seguimos as&iacute;, para fin de siglo la temperatura de la Tierra va a aumentar 6 grados. &iquest;Qu&eacute; est&aacute; pasando? &iquest;C&oacute;mo est&aacute; afectando el aumento de la temperatura en el planeta?<\/p>\n<p style=\"text-align: justify;\"><a href=\"\/articulo\/2022\/9\/1\/josefina_blazquez__el_calentamiento_global_es_responsabilidad_de_la_accion_humana\">Volv&eacute; a leer la nota de Josefina Bl&aacute;zquez, Dra. en Ciencias de la Atm&oacute;sfera, profesora de la  de FCAG e Investigadora Asistente del CONICET especializada en cambio clim&aacute;tico y cuenta c&oacute;mo son los estudios que pueden hacer proyecciones hasta fin de siglo. <\/a><\/p>\n<p style=\"text-align: justify;\">{{multimedia:2426|}}<\/p>\n<div style=\"text-align: center;\"><\/div>\n<p>&nbsp;<\/p>\n<figure class=\"wp-block-gallery columns-3 is-cropped\">\n<ul class=\"blocks-gallery-grid\">\n<li class=\"blocks-gallery-item\">\n<figure>\n                                            <img decoding=\"async\" src=\"https:\/\/www.fcaglp.unlp.edu.ar\/wp-content\/uploads\/migracion\/modoverano1_large.jpeg\"\n                                            alt=\"\"\n                                            data-id=\"6007\" data-full-url=\"https:\/\/www.fcaglp.unlp.edu.ar\/wp-content\/uploads\/migracion\/modoverano1_large.jpeg\"\n                                            data-link=\"https:\/\/www.fcaglp.unlp.edu.ar\/\/wordpress\/?attachment_id=6007\"\n                                            class=\"wp-image-6007\"\/><br \/>\n                                        <\/figure>\n<\/li>\n<\/ul>\n<\/figure>\n<figure class=\"wp-block-gallery columns-3 is-cropped\">\n<ul class=\"blocks-gallery-grid\">\n<li class=\"blocks-gallery-item\">\n<figure>\n                                            <img decoding=\"async\" src=\"https:\/\/www.fcaglp.unlp.edu.ar\/wp-content\/uploads\/migracion\/modoverano2_large.jpeg\"\n                                            alt=\"\"\n                                            data-id=\"6007\" data-full-url=\"https:\/\/www.fcaglp.unlp.edu.ar\/wp-content\/uploads\/migracion\/modoverano2_large.jpeg\"\n                                            data-link=\"https:\/\/www.fcaglp.unlp.edu.ar\/\/wordpress\/?attachment_id=6007\"\n                                            class=\"wp-image-6007\"\/><br \/>\n                                        <\/figure>\n<\/li>\n<\/ul>\n<\/figure>\n<figure class=\"wp-block-gallery columns-3 is-cropped\">\n<ul class=\"blocks-gallery-grid\">\n<li class=\"blocks-gallery-item\">\n<figure>\n                                            <img decoding=\"async\" src=\"https:\/\/www.fcaglp.unlp.edu.ar\/wp-content\/uploads\/migracion\/modoverano3_large.jpg\"\n                                            alt=\"\"\n                                            data-id=\"6007\" data-full-url=\"https:\/\/www.fcaglp.unlp.edu.ar\/wp-content\/uploads\/migracion\/modoverano3_large.jpg\"\n                                            data-link=\"https:\/\/www.fcaglp.unlp.edu.ar\/\/wordpress\/?attachment_id=6007\"\n                                            class=\"wp-image-6007\"\/><br \/>\n                                        <\/figure>\n<\/li>\n<\/ul>\n<\/figure>\n<figure class=\"wp-block-gallery columns-3 is-cropped\">\n<ul class=\"blocks-gallery-grid\">\n<li class=\"blocks-gallery-item\">\n<figure>\n                                            <img decoding=\"async\" src=\"https:\/\/www.fcaglp.unlp.edu.ar\/wp-content\/uploads\/migracion\/modoverano4_large.jpg\"\n                                            alt=\"\"\n                                            data-id=\"6007\" data-full-url=\"https:\/\/www.fcaglp.unlp.edu.ar\/wp-content\/uploads\/migracion\/modoverano4_large.jpg\"\n                                            data-link=\"https:\/\/www.fcaglp.unlp.edu.ar\/\/wordpress\/?attachment_id=6007\"\n                                            class=\"wp-image-6007\"\/><br \/>\n                                        <\/figure>\n<\/li>\n<\/ul>\n<\/figure>\n<figure class=\"wp-block-gallery columns-3 is-cropped\">\n<ul class=\"blocks-gallery-grid\">\n<li class=\"blocks-gallery-item\">\n<figure>\n                                            <img decoding=\"async\" src=\"https:\/\/www.fcaglp.unlp.edu.ar\/wp-content\/uploads\/migracion\/modoverano5_large.jpg\"\n                                            alt=\"\"\n                                            data-id=\"6007\" data-full-url=\"https:\/\/www.fcaglp.unlp.edu.ar\/wp-content\/uploads\/migracion\/modoverano5_large.jpg\"\n                                            data-link=\"https:\/\/www.fcaglp.unlp.edu.ar\/\/wordpress\/?attachment_id=6007\"\n                                            class=\"wp-image-6007\"\/><br \/>\n                                        <\/figure>\n<\/li>\n<\/ul>\n<\/figure>\n<figure class=\"wp-block-gallery columns-3 is-cropped\">\n<ul class=\"blocks-gallery-grid\">\n<li class=\"blocks-gallery-item\">\n<figure>\n                                            <img decoding=\"async\" src=\"https:\/\/www.fcaglp.unlp.edu.ar\/wp-content\/uploads\/migracion\/modoverano6_large.jpeg\"\n                                            alt=\"\"\n                                            data-id=\"6007\" data-full-url=\"https:\/\/www.fcaglp.unlp.edu.ar\/wp-content\/uploads\/migracion\/modoverano6_large.jpeg\"\n                                            data-link=\"https:\/\/www.fcaglp.unlp.edu.ar\/\/wordpress\/?attachment_id=6007\"\n                                            class=\"wp-image-6007\"\/><br \/>\n                                        <\/figure>\n<\/li>\n<\/ul>\n<\/figure>\n<figure class=\"wp-block-gallery columns-3 is-cropped\">\n<ul class=\"blocks-gallery-grid\">\n<li class=\"blocks-gallery-item\">\n<figure>\n                                            <img decoding=\"async\" src=\"https:\/\/www.fcaglp.unlp.edu.ar\/wp-content\/uploads\/migracion\/modoverano7_large.jpg\"\n                                            alt=\"\"\n                                            data-id=\"6007\" data-full-url=\"https:\/\/www.fcaglp.unlp.edu.ar\/wp-content\/uploads\/migracion\/modoverano7_large.jpg\"\n                                            data-link=\"https:\/\/www.fcaglp.unlp.edu.ar\/\/wordpress\/?attachment_id=6007\"\n                                            class=\"wp-image-6007\"\/><br \/>\n                                        <\/figure>\n<\/li>\n<\/ul>\n<\/figure>\n","protected":false},"excerpt":{"rendered":"<p>Durante el mes de enero la Universidad Nacional de La Plata inicia su receso. Ac&aacute; te dejamos algunas notas que hicimos durante el a&ntilde;o para que puedas leer durante las vacaciones. En febrero volvemos con las funciones en el Planetario, el curso de ingreso, las actividades laborales, de investigaci&oacute;n, extensi&oacute;n, docentes y nodocentes.&nbsp;En la Facultad&hellip;&nbsp;<a href=\"https:\/\/www.fcaglp.unlp.edu.ar\/index.php\/__la_facultad_en_modo_verano__\/\" rel=\"bookmark\">Read More &raquo;<span class=\"screen-reader-text\">Receso laboral y acad\u00e9mico: la Facultad en modo verano<\/span><\/a><\/p>\n","protected":false},"author":1,"featured_media":0,"comment_status":"closed","ping_status":"open","sticky":false,"template":"","format":"standard","meta":{"neve_meta_sidebar":"","neve_meta_container":"","neve_meta_enable_content_width":"","neve_meta_content_width":0,"neve_meta_title_alignment":"","neve_meta_author_avatar":"","neve_post_elements_order":"","neve_meta_disable_header":"","neve_meta_disable_footer":"","neve_meta_disable_title":"","neve_meta_reading_time":"","_themeisle_gutenberg_block_has_review":false,"footnotes":""},"categories":[13,5010],"tags":[],"ubicacionentradas":[],"class_list":["post-6007","post","type-post","status-publish","format-standard","hentry","category-institucional","category-noticias"],"aioseo_notices":[],"aioseo_head":"\n\t\t<!-- All in One SEO 5.0.1.1 - aioseo.com -->\n\t<meta name=\"description\" content=\"Durante el mes de enero la Universidad Nacional de La Plata inicia su receso. Ac\u00e1 te dejamos algunas notas que hicimos durante el a\u00f1o para que puedas leer durante las vacaciones. En febrero volvemos con las funciones en el Planetario, el curso de ingreso, las actividades laborales, de investigaci\u00f3n, extensi\u00f3n, docentes y nodocentes. En la Facultad\" \/>\n\t<meta name=\"robots\" content=\"max-image-preview:large\" \/>\n\t<meta name=\"author\" content=\"wpAdmin\"\/>\n\t<link rel=\"canonical\" href=\"https:\/\/www.fcaglp.unlp.edu.ar\/index.php\/__la_facultad_en_modo_verano__\/\" \/>\n\t<meta name=\"generator\" content=\"All in One SEO (AIOSEO) 5.0.1.1\" \/>\n\t\t<meta property=\"og:locale\" content=\"es_ES\" \/>\n\t\t<meta property=\"og:site_name\" content=\"FCAGLP - UNLP - Facultad de Ciencias Astron\u00f3micas y Geof\u00edsica\" \/>\n\t\t<meta property=\"og:type\" content=\"article\" \/>\n\t\t<meta property=\"og:title\" content=\"Receso laboral y acad\u00e9mico: la Facultad en modo verano - FCAGLP - UNLP\" \/>\n\t\t<meta property=\"og:description\" content=\"Durante el mes de enero la Universidad Nacional de La Plata inicia su receso. Ac\u00e1 te dejamos algunas notas que hicimos durante el a\u00f1o para que puedas leer durante las vacaciones. En febrero volvemos con las funciones en el Planetario, el curso de ingreso, las actividades laborales, de investigaci\u00f3n, extensi\u00f3n, docentes y nodocentes. En la Facultad\" \/>\n\t\t<meta property=\"og:url\" content=\"https:\/\/www.fcaglp.unlp.edu.ar\/index.php\/__la_facultad_en_modo_verano__\/\" \/>\n\t\t<meta property=\"og:image\" content=\"https:\/\/www.fcaglp.unlp.edu.ar\/wp-content\/uploads\/2021\/12\/WhatsApp-Image-2021-12-07-at-16.59.26.jpeg\" \/>\n\t\t<meta property=\"og:image:secure_url\" content=\"https:\/\/www.fcaglp.unlp.edu.ar\/wp-content\/uploads\/2021\/12\/WhatsApp-Image-2021-12-07-at-16.59.26.jpeg\" \/>\n\t\t<meta property=\"article:published_time\" content=\"2022-12-21T11:23:30+00:00\" \/>\n\t\t<meta property=\"article:modified_time\" content=\"2025-02-11T13:14:38+00:00\" \/>\n\t\t<meta name=\"twitter:card\" content=\"summary\" \/>\n\t\t<meta name=\"twitter:title\" content=\"Receso laboral y acad\u00e9mico: la Facultad en modo verano - FCAGLP - UNLP\" \/>\n\t\t<meta name=\"twitter:description\" content=\"Durante el mes de enero la Universidad Nacional de La Plata inicia su receso. Ac\u00e1 te dejamos algunas notas que hicimos durante el a\u00f1o para que puedas leer durante las vacaciones. En febrero volvemos con las funciones en el Planetario, el curso de ingreso, las actividades laborales, de investigaci\u00f3n, extensi\u00f3n, docentes y nodocentes. En la Facultad\" \/>\n\t\t<meta name=\"twitter:image\" content=\"https:\/\/www.fcaglp.unlp.edu.ar\/wp-content\/uploads\/2021\/12\/WhatsApp-Image-2021-12-07-at-16.59.26.jpeg\" \/>\n\t\t<script type=\"application\/ld+json\" class=\"aioseo-schema\">\n\t\t\t{\"@context\":\"https:\\\/\\\/schema.org\",\"@graph\":[{\"@type\":\"BlogPosting\",\"@id\":\"https:\\\/\\\/www.fcaglp.unlp.edu.ar\\\/index.php\\\/__la_facultad_en_modo_verano__\\\/#blogposting\",\"name\":\"Receso laboral y acad\\u00e9mico: la Facultad en modo verano - FCAGLP - UNLP\",\"headline\":\"Receso laboral y acad\\u00e9mico: la Facultad en modo verano\",\"author\":{\"@id\":\"https:\\\/\\\/www.fcaglp.unlp.edu.ar\\\/index.php\\\/author\\\/wpadmin\\\/#author\"},\"publisher\":{\"@id\":\"https:\\\/\\\/www.fcaglp.unlp.edu.ar\\\/#organization\"},\"image\":{\"@type\":\"ImageObject\",\"url\":\"http:\\\/\\\/www.fcaglp.unlp.edu.ar\\\/wp-content\\\/uploads\\\/migracion\\\/modoverano1_large.jpeg\",\"@id\":\"https:\\\/\\\/www.fcaglp.unlp.edu.ar\\\/index.php\\\/__la_facultad_en_modo_verano__\\\/#articleImage\"},\"datePublished\":\"2022-12-21T11:23:30-03:00\",\"dateModified\":\"2025-02-11T10:14:38-03:00\",\"inLanguage\":\"es-AR\",\"mainEntityOfPage\":{\"@id\":\"https:\\\/\\\/www.fcaglp.unlp.edu.ar\\\/index.php\\\/__la_facultad_en_modo_verano__\\\/#webpage\"},\"isPartOf\":{\"@id\":\"https:\\\/\\\/www.fcaglp.unlp.edu.ar\\\/index.php\\\/__la_facultad_en_modo_verano__\\\/#webpage\"},\"articleSection\":\"Institucional, Noticias\"},{\"@type\":\"BreadcrumbList\",\"@id\":\"https:\\\/\\\/www.fcaglp.unlp.edu.ar\\\/index.php\\\/__la_facultad_en_modo_verano__\\\/#breadcrumblist\",\"itemListElement\":[{\"@type\":\"ListItem\",\"@id\":\"https:\\\/\\\/www.fcaglp.unlp.edu.ar#listItem\",\"position\":1,\"name\":\"Home\",\"item\":\"https:\\\/\\\/www.fcaglp.unlp.edu.ar\",\"nextItem\":{\"@type\":\"ListItem\",\"@id\":\"https:\\\/\\\/www.fcaglp.unlp.edu.ar\\\/index.php\\\/category\\\/institucional\\\/#listItem\",\"name\":\"Institucional\"}},{\"@type\":\"ListItem\",\"@id\":\"https:\\\/\\\/www.fcaglp.unlp.edu.ar\\\/index.php\\\/category\\\/institucional\\\/#listItem\",\"position\":2,\"name\":\"Institucional\",\"item\":\"https:\\\/\\\/www.fcaglp.unlp.edu.ar\\\/index.php\\\/category\\\/institucional\\\/\",\"nextItem\":{\"@type\":\"ListItem\",\"@id\":\"https:\\\/\\\/www.fcaglp.unlp.edu.ar\\\/index.php\\\/__la_facultad_en_modo_verano__\\\/#listItem\",\"name\":\"Receso laboral y acad\\u00e9mico: la Facultad en modo verano\"},\"previousItem\":{\"@type\":\"ListItem\",\"@id\":\"https:\\\/\\\/www.fcaglp.unlp.edu.ar#listItem\",\"name\":\"Home\"}},{\"@type\":\"ListItem\",\"@id\":\"https:\\\/\\\/www.fcaglp.unlp.edu.ar\\\/index.php\\\/__la_facultad_en_modo_verano__\\\/#listItem\",\"position\":3,\"name\":\"Receso laboral y acad\\u00e9mico: la Facultad en modo verano\",\"previousItem\":{\"@type\":\"ListItem\",\"@id\":\"https:\\\/\\\/www.fcaglp.unlp.edu.ar\\\/index.php\\\/category\\\/institucional\\\/#listItem\",\"name\":\"Institucional\"}}]},{\"@type\":\"Organization\",\"@id\":\"https:\\\/\\\/www.fcaglp.unlp.edu.ar\\\/#organization\",\"name\":\"Facultad de Ciencias Astron\\u00f3micas y Geof\\u00edsicas\",\"description\":\"Facultad de Ciencias Astron\\u00f3micas y Geof\\u00edsica\",\"url\":\"https:\\\/\\\/www.fcaglp.unlp.edu.ar\\\/\",\"logo\":{\"@type\":\"ImageObject\",\"url\":\"https:\\\/\\\/www.fcaglp.unlp.edu.ar\\\/wp-content\\\/uploads\\\/2021\\\/12\\\/WhatsApp-Image-2021-12-07-at-16.59.26.jpeg\",\"@id\":\"https:\\\/\\\/www.fcaglp.unlp.edu.ar\\\/index.php\\\/__la_facultad_en_modo_verano__\\\/#organizationLogo\",\"width\":210,\"height\":74},\"image\":{\"@id\":\"https:\\\/\\\/www.fcaglp.unlp.edu.ar\\\/index.php\\\/__la_facultad_en_modo_verano__\\\/#organizationLogo\"}},{\"@type\":\"Person\",\"@id\":\"https:\\\/\\\/www.fcaglp.unlp.edu.ar\\\/index.php\\\/author\\\/wpadmin\\\/#author\",\"url\":\"https:\\\/\\\/www.fcaglp.unlp.edu.ar\\\/index.php\\\/author\\\/wpadmin\\\/\",\"name\":\"wpAdmin\"},{\"@type\":\"WebPage\",\"@id\":\"https:\\\/\\\/www.fcaglp.unlp.edu.ar\\\/index.php\\\/__la_facultad_en_modo_verano__\\\/#webpage\",\"url\":\"https:\\\/\\\/www.fcaglp.unlp.edu.ar\\\/index.php\\\/__la_facultad_en_modo_verano__\\\/\",\"name\":\"Receso laboral y acad\\u00e9mico: la Facultad en modo verano - FCAGLP - UNLP\",\"description\":\"Durante el mes de enero la Universidad Nacional de La Plata inicia su receso. Ac\\u00e1 te dejamos algunas notas que hicimos durante el a\\u00f1o para que puedas leer durante las vacaciones. En febrero volvemos con las funciones en el Planetario, el curso de ingreso, las actividades laborales, de investigaci\\u00f3n, extensi\\u00f3n, docentes y nodocentes. En la Facultad\",\"inLanguage\":\"es-AR\",\"isPartOf\":{\"@id\":\"https:\\\/\\\/www.fcaglp.unlp.edu.ar\\\/#website\"},\"breadcrumb\":{\"@id\":\"https:\\\/\\\/www.fcaglp.unlp.edu.ar\\\/index.php\\\/__la_facultad_en_modo_verano__\\\/#breadcrumblist\"},\"author\":{\"@id\":\"https:\\\/\\\/www.fcaglp.unlp.edu.ar\\\/index.php\\\/author\\\/wpadmin\\\/#author\"},\"creator\":{\"@id\":\"https:\\\/\\\/www.fcaglp.unlp.edu.ar\\\/index.php\\\/author\\\/wpadmin\\\/#author\"},\"datePublished\":\"2022-12-21T11:23:30-03:00\",\"dateModified\":\"2025-02-11T10:14:38-03:00\"},{\"@type\":\"WebSite\",\"@id\":\"https:\\\/\\\/www.fcaglp.unlp.edu.ar\\\/#website\",\"url\":\"https:\\\/\\\/www.fcaglp.unlp.edu.ar\\\/\",\"name\":\"Facultad de Ciencias Astron\\u00f3micas y Geof\\u00edsicas | UNLP\",\"alternateName\":\"FCAGLP | UNLP\",\"description\":\"Facultad de Ciencias Astron\\u00f3micas y Geof\\u00edsica\",\"inLanguage\":\"es-AR\",\"publisher\":{\"@id\":\"https:\\\/\\\/www.fcaglp.unlp.edu.ar\\\/#organization\"}}]}\n\t\t<\/script>\n\t\t<!-- All in One SEO -->\n\n","aioseo_head_json":{"title":"Receso laboral y acad\u00e9mico: la Facultad en modo verano - FCAGLP - UNLP","description":"Durante el mes de enero la Universidad Nacional de La Plata inicia su receso. Ac\u00e1 te dejamos algunas notas que hicimos durante el a\u00f1o para que puedas leer durante las vacaciones. En febrero volvemos con las funciones en el Planetario, el curso de ingreso, las actividades laborales, de investigaci\u00f3n, extensi\u00f3n, docentes y nodocentes. En la Facultad","canonical_url":"https:\/\/www.fcaglp.unlp.edu.ar\/index.php\/__la_facultad_en_modo_verano__\/","robots":"max-image-preview:large","keywords":"","webmasterTools":{"miscellaneous":""},"schema":{"@context":"https:\/\/schema.org","@graph":[{"@type":"BlogPosting","@id":"https:\/\/www.fcaglp.unlp.edu.ar\/index.php\/__la_facultad_en_modo_verano__\/#blogposting","name":"Receso laboral y acad\u00e9mico: la Facultad en modo verano - FCAGLP - UNLP","headline":"Receso laboral y acad\u00e9mico: la Facultad en modo verano","author":{"@id":"https:\/\/www.fcaglp.unlp.edu.ar\/index.php\/author\/wpadmin\/#author"},"publisher":{"@id":"https:\/\/www.fcaglp.unlp.edu.ar\/#organization"},"image":{"@type":"ImageObject","url":"http:\/\/www.fcaglp.unlp.edu.ar\/wp-content\/uploads\/migracion\/modoverano1_large.jpeg","@id":"https:\/\/www.fcaglp.unlp.edu.ar\/index.php\/__la_facultad_en_modo_verano__\/#articleImage"},"datePublished":"2022-12-21T11:23:30-03:00","dateModified":"2025-02-11T10:14:38-03:00","inLanguage":"es-AR","mainEntityOfPage":{"@id":"https:\/\/www.fcaglp.unlp.edu.ar\/index.php\/__la_facultad_en_modo_verano__\/#webpage"},"isPartOf":{"@id":"https:\/\/www.fcaglp.unlp.edu.ar\/index.php\/__la_facultad_en_modo_verano__\/#webpage"},"articleSection":"Institucional, Noticias"},{"@type":"BreadcrumbList","@id":"https:\/\/www.fcaglp.unlp.edu.ar\/index.php\/__la_facultad_en_modo_verano__\/#breadcrumblist","itemListElement":[{"@type":"ListItem","@id":"https:\/\/www.fcaglp.unlp.edu.ar#listItem","position":1,"name":"Home","item":"https:\/\/www.fcaglp.unlp.edu.ar","nextItem":{"@type":"ListItem","@id":"https:\/\/www.fcaglp.unlp.edu.ar\/index.php\/category\/institucional\/#listItem","name":"Institucional"}},{"@type":"ListItem","@id":"https:\/\/www.fcaglp.unlp.edu.ar\/index.php\/category\/institucional\/#listItem","position":2,"name":"Institucional","item":"https:\/\/www.fcaglp.unlp.edu.ar\/index.php\/category\/institucional\/","nextItem":{"@type":"ListItem","@id":"https:\/\/www.fcaglp.unlp.edu.ar\/index.php\/__la_facultad_en_modo_verano__\/#listItem","name":"Receso laboral y acad\u00e9mico: la Facultad en modo verano"},"previousItem":{"@type":"ListItem","@id":"https:\/\/www.fcaglp.unlp.edu.ar#listItem","name":"Home"}},{"@type":"ListItem","@id":"https:\/\/www.fcaglp.unlp.edu.ar\/index.php\/__la_facultad_en_modo_verano__\/#listItem","position":3,"name":"Receso laboral y acad\u00e9mico: la Facultad en modo verano","previousItem":{"@type":"ListItem","@id":"https:\/\/www.fcaglp.unlp.edu.ar\/index.php\/category\/institucional\/#listItem","name":"Institucional"}}]},{"@type":"Organization","@id":"https:\/\/www.fcaglp.unlp.edu.ar\/#organization","name":"Facultad de Ciencias Astron\u00f3micas y Geof\u00edsicas","description":"Facultad de Ciencias Astron\u00f3micas y Geof\u00edsica","url":"https:\/\/www.fcaglp.unlp.edu.ar\/","logo":{"@type":"ImageObject","url":"https:\/\/www.fcaglp.unlp.edu.ar\/wp-content\/uploads\/2021\/12\/WhatsApp-Image-2021-12-07-at-16.59.26.jpeg","@id":"https:\/\/www.fcaglp.unlp.edu.ar\/index.php\/__la_facultad_en_modo_verano__\/#organizationLogo","width":210,"height":74},"image":{"@id":"https:\/\/www.fcaglp.unlp.edu.ar\/index.php\/__la_facultad_en_modo_verano__\/#organizationLogo"}},{"@type":"Person","@id":"https:\/\/www.fcaglp.unlp.edu.ar\/index.php\/author\/wpadmin\/#author","url":"https:\/\/www.fcaglp.unlp.edu.ar\/index.php\/author\/wpadmin\/","name":"wpAdmin"},{"@type":"WebPage","@id":"https:\/\/www.fcaglp.unlp.edu.ar\/index.php\/__la_facultad_en_modo_verano__\/#webpage","url":"https:\/\/www.fcaglp.unlp.edu.ar\/index.php\/__la_facultad_en_modo_verano__\/","name":"Receso laboral y acad\u00e9mico: la Facultad en modo verano - FCAGLP - UNLP","description":"Durante el mes de enero la Universidad Nacional de La Plata inicia su receso. Ac\u00e1 te dejamos algunas notas que hicimos durante el a\u00f1o para que puedas leer durante las vacaciones. En febrero volvemos con las funciones en el Planetario, el curso de ingreso, las actividades laborales, de investigaci\u00f3n, extensi\u00f3n, docentes y nodocentes. En la Facultad","inLanguage":"es-AR","isPartOf":{"@id":"https:\/\/www.fcaglp.unlp.edu.ar\/#website"},"breadcrumb":{"@id":"https:\/\/www.fcaglp.unlp.edu.ar\/index.php\/__la_facultad_en_modo_verano__\/#breadcrumblist"},"author":{"@id":"https:\/\/www.fcaglp.unlp.edu.ar\/index.php\/author\/wpadmin\/#author"},"creator":{"@id":"https:\/\/www.fcaglp.unlp.edu.ar\/index.php\/author\/wpadmin\/#author"},"datePublished":"2022-12-21T11:23:30-03:00","dateModified":"2025-02-11T10:14:38-03:00"},{"@type":"WebSite","@id":"https:\/\/www.fcaglp.unlp.edu.ar\/#website","url":"https:\/\/www.fcaglp.unlp.edu.ar\/","name":"Facultad de Ciencias Astron\u00f3micas y Geof\u00edsicas | UNLP","alternateName":"FCAGLP | UNLP","description":"Facultad de Ciencias Astron\u00f3micas y Geof\u00edsica","inLanguage":"es-AR","publisher":{"@id":"https:\/\/www.fcaglp.unlp.edu.ar\/#organization"}}]},"og:locale":"es_ES","og:site_name":"FCAGLP - UNLP - Facultad de Ciencias Astron\u00f3micas y Geof\u00edsica","og:type":"article","og:title":"Receso laboral y acad\u00e9mico: la Facultad en modo verano - FCAGLP - UNLP","og:description":"Durante el mes de enero la Universidad Nacional de La Plata inicia su receso. Ac\u00e1 te dejamos algunas notas que hicimos durante el a\u00f1o para que puedas leer durante las vacaciones. En febrero volvemos con las funciones en el Planetario, el curso de ingreso, las actividades laborales, de investigaci\u00f3n, extensi\u00f3n, docentes y nodocentes. En la Facultad","og:url":"https:\/\/www.fcaglp.unlp.edu.ar\/index.php\/__la_facultad_en_modo_verano__\/","og:image":"https:\/\/www.fcaglp.unlp.edu.ar\/wp-content\/uploads\/2021\/12\/WhatsApp-Image-2021-12-07-at-16.59.26.jpeg","og:image:secure_url":"https:\/\/www.fcaglp.unlp.edu.ar\/wp-content\/uploads\/2021\/12\/WhatsApp-Image-2021-12-07-at-16.59.26.jpeg","article:published_time":"2022-12-21T11:23:30+00:00","article:modified_time":"2025-02-11T13:14:38+00:00","twitter:card":"summary","twitter:title":"Receso laboral y acad\u00e9mico: la Facultad en modo verano - FCAGLP - UNLP","twitter:description":"Durante el mes de enero la Universidad Nacional de La Plata inicia su receso. Ac\u00e1 te dejamos algunas notas que hicimos durante el a\u00f1o para que puedas leer durante las vacaciones. En febrero volvemos con las funciones en el Planetario, el curso de ingreso, las actividades laborales, de investigaci\u00f3n, extensi\u00f3n, docentes y nodocentes. En la Facultad","twitter:image":"https:\/\/www.fcaglp.unlp.edu.ar\/wp-content\/uploads\/2021\/12\/WhatsApp-Image-2021-12-07-at-16.59.26.jpeg"},"aioseo_meta_data":{"post_id":"6007","title":null,"description":null,"keywords":null,"keyphrases":null,"primary_term":null,"canonical_url":null,"og_title":null,"og_description":null,"og_object_type":"default","og_image_type":"default","og_image_url":null,"og_image_width":null,"og_image_height":null,"og_image_custom_url":null,"og_image_custom_fields":null,"og_video":null,"og_custom_url":null,"og_article_section":null,"og_article_tags":null,"twitter_use_og":false,"twitter_card":"default","twitter_image_type":"default","twitter_image_url":null,"twitter_image_custom_url":null,"twitter_image_custom_fields":null,"twitter_title":null,"twitter_description":null,"schema":{"blockGraphs":[],"customGraphs":[],"default":{"data":{"Article":[],"Course":[],"Dataset":[],"FAQPage":[],"Movie":[],"Person":[],"Product":[],"ProductReview":[],"Car":[],"Recipe":[],"Service":[],"SoftwareApplication":[],"WebPage":[]},"graphName":"","isEnabled":true},"graphs":[]},"schema_type":"default","schema_type_options":null,"pillar_content":false,"robots_default":true,"robots_noindex":false,"robots_noarchive":false,"robots_nosnippet":false,"robots_nofollow":false,"robots_noimageindex":false,"robots_noodp":false,"robots_notranslate":false,"robots_max_snippet":null,"robots_max_videopreview":null,"robots_max_imagepreview":"large","priority":null,"frequency":null,"local_seo":null,"breadcrumb_settings":null,"limit_modified_date":false,"ai":null,"created":"2026-08-10 03:51:06","updated":"2026-08-10 03:51:06","seo_analyzer_scan_date":null,"focus_keyword":null,"additional_keywords":null,"truseo_locale":null},"aioseo_breadcrumb":"<div class=\"aioseo-breadcrumbs\"><span class=\"aioseo-breadcrumb\">\n\t\t\t<a href=\"https:\/\/www.fcaglp.unlp.edu.ar\" title=\"Home\">Home<\/a>\n\t\t<\/span><span class=\"aioseo-breadcrumb-separator\">&raquo;<\/span><span class=\"aioseo-breadcrumb\">\n\t\t\t<a href=\"https:\/\/www.fcaglp.unlp.edu.ar\/index.php\/category\/institucional\/\" title=\"Institucional\">Institucional<\/a>\n\t\t<\/span><span class=\"aioseo-breadcrumb-separator\">&raquo;<\/span><span class=\"aioseo-breadcrumb\">\n\t\t\tReceso laboral y acad\u00e9mico: la Facultad en modo verano\n\t\t<\/span><\/div>","aioseo_breadcrumb_json":[{"label":"Home","link":"https:\/\/www.fcaglp.unlp.edu.ar"},{"label":"Institucional","link":"https:\/\/www.fcaglp.unlp.edu.ar\/index.php\/category\/institucional\/"},{"label":"Receso laboral y acad\u00e9mico: la Facultad en modo verano","link":"https:\/\/www.fcaglp.unlp.edu.ar\/index.php\/__la_facultad_en_modo_verano__\/"}],"_links":{"self":[{"href":"https:\/\/www.fcaglp.unlp.edu.ar\/index.php\/wp-json\/wp\/v2\/posts\/6007","targetHints":{"allow":["GET"]}}],"collection":[{"href":"https:\/\/www.fcaglp.unlp.edu.ar\/index.php\/wp-json\/wp\/v2\/posts"}],"about":[{"href":"https:\/\/www.fcaglp.unlp.edu.ar\/index.php\/wp-json\/wp\/v2\/types\/post"}],"author":[{"embeddable":true,"href":"https:\/\/www.fcaglp.unlp.edu.ar\/index.php\/wp-json\/wp\/v2\/users\/1"}],"replies":[{"embeddable":true,"href":"https:\/\/www.fcaglp.unlp.edu.ar\/index.php\/wp-json\/wp\/v2\/comments?post=6007"}],"version-history":[{"count":1,"href":"https:\/\/www.fcaglp.unlp.edu.ar\/index.php\/wp-json\/wp\/v2\/posts\/6007\/revisions"}],"predecessor-version":[{"id":10763,"href":"https:\/\/www.fcaglp.unlp.edu.ar\/index.php\/wp-json\/wp\/v2\/posts\/6007\/revisions\/10763"}],"wp:attachment":[{"href":"https:\/\/www.fcaglp.unlp.edu.ar\/index.php\/wp-json\/wp\/v2\/media?parent=6007"}],"wp:term":[{"taxonomy":"category","embeddable":true,"href":"https:\/\/www.fcaglp.unlp.edu.ar\/index.php\/wp-json\/wp\/v2\/categories?post=6007"},{"taxonomy":"post_tag","embeddable":true,"href":"https:\/\/www.fcaglp.unlp.edu.ar\/index.php\/wp-json\/wp\/v2\/tags?post=6007"},{"taxonomy":"ubicacionentradas","embeddable":true,"href":"https:\/\/www.fcaglp.unlp.edu.ar\/index.php\/wp-json\/wp\/v2\/ubicacionentradas?post=6007"}],"curies":[{"name":"wp","href":"https:\/\/api.w.org\/{rel}","templated":true}]}}