{"id":16522,"date":"2026-03-26T11:18:06","date_gmt":"2026-03-26T14:18:06","guid":{"rendered":"https:\/\/www.fcaglp.unlp.edu.ar\/?p=16522"},"modified":"2026-03-26T11:18:10","modified_gmt":"2026-03-26T14:18:10","slug":"charla-de-los-viernes-la-inundacion-de-la-plata-observar-el-pasado-para-anticipar-el-futuro","status":"publish","type":"post","link":"https:\/\/www.fcaglp.unlp.edu.ar\/index.php\/charla-de-los-viernes-la-inundacion-de-la-plata-observar-el-pasado-para-anticipar-el-futuro\/","title":{"rendered":"Charla de los viernes | \u201cLa inundaci\u00f3n de La Plata: observar el pasado para anticipar el futuro\u201d"},"content":{"rendered":"\n<figure class=\"wp-block-gallery has-nested-images columns-default is-cropped wp-block-gallery-1 is-layout-flex wp-block-gallery-is-layout-flex\">\n<figure class=\"wp-block-image size-large\"><img fetchpriority=\"high\" decoding=\"async\" width=\"1024\" height=\"576\" data-id=\"16525\" src=\"https:\/\/www.fcaglp.unlp.edu.ar\/wp-content\/uploads\/2026\/03\/CHARLA.VIERNES.PLANTILLA.2026-03-1024x576.jpg\" alt=\"\" class=\"wp-image-16525\" srcset=\"https:\/\/www.fcaglp.unlp.edu.ar\/wp-content\/uploads\/2026\/03\/CHARLA.VIERNES.PLANTILLA.2026-03-1024x576.jpg 1024w, https:\/\/www.fcaglp.unlp.edu.ar\/wp-content\/uploads\/2026\/03\/CHARLA.VIERNES.PLANTILLA.2026-03-300x169.jpg 300w, https:\/\/www.fcaglp.unlp.edu.ar\/wp-content\/uploads\/2026\/03\/CHARLA.VIERNES.PLANTILLA.2026-03-768x432.jpg 768w, https:\/\/www.fcaglp.unlp.edu.ar\/wp-content\/uploads\/2026\/03\/CHARLA.VIERNES.PLANTILLA.2026-03-1536x864.jpg 1536w, https:\/\/www.fcaglp.unlp.edu.ar\/wp-content\/uploads\/2026\/03\/CHARLA.VIERNES.PLANTILLA.2026-03-2048x1152.jpg 2048w\" sizes=\"(max-width: 1024px) 100vw, 1024px\" \/><\/figure>\n<\/figure>\n\n\n\n<div style=\"height:28px\" aria-hidden=\"true\" class=\"wp-block-spacer\"><\/div>\n\n\n\n<p>\ud83d\udc49Hace m\u00e1s de una d\u00e9cada, la ciudad de La Plata fue escenario de un evento de lluvia extrema que puso en evidencia la compleja relaci\u00f3n entre la atm\u00f3sfera y el entorno urbano. \u00bfQu\u00e9 condiciones meteorol\u00f3gicas dieron lugar a ese episodio? \u00bfQu\u00e9 herramientas tenemos hoy para anticipar este tipo de eventos?<\/p>\n\n\n\n<p>En esta charla retomamos la inundaci\u00f3n de La Plata como caso de estudio para comprender lo ocurrido desde una perspectiva meteorol\u00f3gica. Adem\u00e1s, presentamos las herramientas de alerta temprana disponibles en la actualidad y c\u00f3mo contribuyen a anticipar este tipo de situaciones.<br>Finalmente, abordamos una problem\u00e1tica de especial relevancia hoy en d\u00eda: el rol fundamental de las observaciones meteorol\u00f3gicas en el monitoreo de la atm\u00f3sfera y en la calidad de los pron\u00f3sticos.<\/p>\n\n\n\n<p>\ud83d\uddd3\ufe0f Viernes 27 de Marzo 19:00 h\u00a0<br>\ud83c\udf9f\ufe0f Entrada libre y gratuita\u00a0<br>\u25aa\ufe0f Por orden de llegada se entregan media hora antes\u00a0<br>\ud83d\udccd En el Planetario UNLP<\/p>\n\n\n\n<p>\u25aa\ufe0f<em>Narela se encuentra cursando las \u00faltimas materias de la carrera y adem\u00e1s de ser parte del grupo de pron\u00f3stico realiza tareas de observaci\u00f3n meteorol\u00f3gica en la estaci\u00f3n de la Facultad. Lorenzo es T\u00e9cnico en Meteorolog\u00eda y realiza diversas tareas de extensi\u00f3n. Serena es Licenciada en Meteorolog\u00eda y se encuentra realizando su primer a\u00f1o de doctorado en CONICET sobre ciclo hidrol\u00f3gico, adem\u00e1s de ser docente de la casa en dos materias de tercer a\u00f1o. Los tres forman parte del Grupo de Pron\u00f3stico de la FCAG, el cual realiza pron\u00f3sticos diarios para la ciudad de La Plata, trabajos de investigaci\u00f3n y cuenta con la participaci\u00f3n en diversos eventos de extensi\u00f3n como las charlas de los viernes, ferias de ciencia o la noche de los museos.<\/em><\/p>\n\n\n\n<p>\ud83d\udd2dDespu\u00e9s de la charla pod\u00e9s quedarte a las observaciones desde las 20:00 h si las condiciones meteorol\u00f3gicas lo permiten.\u00a0<br>\ud83d\udd14Si no pod\u00e9s venir, \u00a1segu\u00ed la transmisi\u00f3n en vivo de la charla en el canal de Youtube del Planetario UNLP!\u00a0<br>\ud83d\udd3aTodas las actividades son gratuitas (con un bono contribuci\u00f3n opcional) y NO necesit\u00e1s reservar con anticipaci\u00f3n.<\/p>\n\n\n\n<figure class=\"wp-block-image size-large\"><img decoding=\"async\" width=\"1024\" height=\"576\" src=\"https:\/\/www.fcaglp.unlp.edu.ar\/wp-content\/uploads\/2026\/03\/CHARLA.VIERNES.PLANTILLA.2026-07-1-1024x576.jpg\" alt=\"\" class=\"wp-image-16526\" srcset=\"https:\/\/www.fcaglp.unlp.edu.ar\/wp-content\/uploads\/2026\/03\/CHARLA.VIERNES.PLANTILLA.2026-07-1-1024x576.jpg 1024w, https:\/\/www.fcaglp.unlp.edu.ar\/wp-content\/uploads\/2026\/03\/CHARLA.VIERNES.PLANTILLA.2026-07-1-300x169.jpg 300w, https:\/\/www.fcaglp.unlp.edu.ar\/wp-content\/uploads\/2026\/03\/CHARLA.VIERNES.PLANTILLA.2026-07-1-768x432.jpg 768w, https:\/\/www.fcaglp.unlp.edu.ar\/wp-content\/uploads\/2026\/03\/CHARLA.VIERNES.PLANTILLA.2026-07-1-1536x864.jpg 1536w, https:\/\/www.fcaglp.unlp.edu.ar\/wp-content\/uploads\/2026\/03\/CHARLA.VIERNES.PLANTILLA.2026-07-1-2048x1152.jpg 2048w\" sizes=\"(max-width: 1024px) 100vw, 1024px\" \/><\/figure>\n","protected":false},"excerpt":{"rendered":"<p>\ud83d\udc49Hace m\u00e1s de una d\u00e9cada, la ciudad de La Plata fue escenario de un evento de lluvia extrema que puso en evidencia la compleja relaci\u00f3n entre la atm\u00f3sfera y el entorno urbano. \u00bfQu\u00e9 condiciones meteorol\u00f3gicas dieron lugar a ese episodio? \u00bfQu\u00e9 herramientas tenemos hoy para anticipar este tipo de eventos? En esta charla retomamos la&hellip;&nbsp;<a href=\"https:\/\/www.fcaglp.unlp.edu.ar\/index.php\/charla-de-los-viernes-la-inundacion-de-la-plata-observar-el-pasado-para-anticipar-el-futuro\/\" rel=\"bookmark\">Read More &raquo;<span class=\"screen-reader-text\">Charla de los viernes | \u201cLa inundaci\u00f3n de La Plata: observar el pasado para anticipar el futuro\u201d<\/span><\/a><\/p>\n","protected":false},"author":3,"featured_media":16523,"comment_status":"closed","ping_status":"closed","sticky":false,"template":"","format":"standard","meta":{"neve_meta_sidebar":"","neve_meta_container":"","neve_meta_enable_content_width":"","neve_meta_content_width":0,"neve_meta_title_alignment":"","neve_meta_author_avatar":"","neve_post_elements_order":"","neve_meta_disable_header":"","neve_meta_disable_footer":"","neve_meta_disable_title":"","neve_meta_reading_time":"","_themeisle_gutenberg_block_has_review":false,"footnotes":""},"categories":[5038],"tags":[],"ubicacionentradas":[20],"class_list":["post-16522","post","type-post","status-publish","format-standard","has-post-thumbnail","hentry","category-ciclo_de_charlas","ubicacionentradas-eventos"],"aioseo_notices":[],"_links":{"self":[{"href":"https:\/\/www.fcaglp.unlp.edu.ar\/index.php\/wp-json\/wp\/v2\/posts\/16522","targetHints":{"allow":["GET"]}}],"collection":[{"href":"https:\/\/www.fcaglp.unlp.edu.ar\/index.php\/wp-json\/wp\/v2\/posts"}],"about":[{"href":"https:\/\/www.fcaglp.unlp.edu.ar\/index.php\/wp-json\/wp\/v2\/types\/post"}],"author":[{"embeddable":true,"href":"https:\/\/www.fcaglp.unlp.edu.ar\/index.php\/wp-json\/wp\/v2\/users\/3"}],"replies":[{"embeddable":true,"href":"https:\/\/www.fcaglp.unlp.edu.ar\/index.php\/wp-json\/wp\/v2\/comments?post=16522"}],"version-history":[{"count":1,"href":"https:\/\/www.fcaglp.unlp.edu.ar\/index.php\/wp-json\/wp\/v2\/posts\/16522\/revisions"}],"predecessor-version":[{"id":16527,"href":"https:\/\/www.fcaglp.unlp.edu.ar\/index.php\/wp-json\/wp\/v2\/posts\/16522\/revisions\/16527"}],"wp:featuredmedia":[{"embeddable":true,"href":"https:\/\/www.fcaglp.unlp.edu.ar\/index.php\/wp-json\/wp\/v2\/media\/16523"}],"wp:attachment":[{"href":"https:\/\/www.fcaglp.unlp.edu.ar\/index.php\/wp-json\/wp\/v2\/media?parent=16522"}],"wp:term":[{"taxonomy":"category","embeddable":true,"href":"https:\/\/www.fcaglp.unlp.edu.ar\/index.php\/wp-json\/wp\/v2\/categories?post=16522"},{"taxonomy":"post_tag","embeddable":true,"href":"https:\/\/www.fcaglp.unlp.edu.ar\/index.php\/wp-json\/wp\/v2\/tags?post=16522"},{"taxonomy":"ubicacionentradas","embeddable":true,"href":"https:\/\/www.fcaglp.unlp.edu.ar\/index.php\/wp-json\/wp\/v2\/ubicacionentradas?post=16522"}],"curies":[{"name":"wp","href":"https:\/\/api.w.org\/{rel}","templated":true}]}}