{"id":16394,"date":"2026-03-20T13:46:24","date_gmt":"2026-03-20T16:46:24","guid":{"rendered":"https:\/\/www.fcaglp.unlp.edu.ar\/?p=16394"},"modified":"2026-03-20T13:46:29","modified_gmt":"2026-03-20T16:46:29","slug":"firma-de-comodato-con-el-colegio-nacional-rafael-hernandez","status":"publish","type":"post","link":"https:\/\/www.fcaglp.unlp.edu.ar\/index.php\/firma-de-comodato-con-el-colegio-nacional-rafael-hernandez\/","title":{"rendered":"FIRMA DE COMODATO CON EL COLEGIO NACIONAL &#8220;RAFAEL HERN\u00c1NDEZ&#8221;"},"content":{"rendered":"\n<p class=\"wp-block-paragraph\">\ud83d\udc49La Decana de la Facultad Dra. Amalia Meza y la Directora del Colegio Nacional &#8220;Rafael Hern\u00e1ndez&#8221;, Dra. Dominique Suffer Quirno, firmaron en el d\u00eda de ayer un comodato por el pr\u00e9stamo de un Telescopio en el marco de profundizar la coordinaci\u00f3n en extensi\u00f3n que vienen desarrollando ambas instituciones; el mismo ser\u00e1 utilizado por la c\u00e1tedra de Astronom\u00eda General dictada en el Colegio por el Dr. Roberto Venero desde hace m\u00e1s de 25 a\u00f1os.<\/p>\n\n\n\n<p class=\"wp-block-paragraph\">\ud83d\udd2dCon la presencia de la Vicedirectora del Colegio Prof. Ana Maria Garc\u00eda Munitis; la Coordinadora de Optativas Prof. Mirta Tagornik; la Secretaria Acad\u00e9mica, Prof. Mar\u00eda Gracia Mainero; el Dr. Roberto Venero Titular de la materia y el Prof. Juan Portillo, Prosecretario de Extensi\u00f3n de la FCAG se hizo entrega del telescopio, el cual se ubicar\u00e1 en la terraza del Colegio en un espacio preparado para la observaci\u00f3n, y estar\u00e1 disponible adem\u00e1s, no s\u00f3lo para los estudiantes que cursan la materia, sino para uso de la comunidad educativa y eventos abiertos al p\u00fablico en general.<\/p>\n\n\n\n<figure class=\"wp-block-gallery has-nested-images columns-default is-cropped wp-block-gallery-1 is-layout-flex wp-block-gallery-is-layout-flex\">\n<figure class=\"wp-block-image size-large\"><img fetchpriority=\"high\" decoding=\"async\" width=\"1024\" height=\"768\" data-id=\"16398\" src=\"https:\/\/www.fcaglp.unlp.edu.ar\/wp-content\/uploads\/2026\/03\/IMG_2119-1024x768.jpeg\" alt=\"\" class=\"wp-image-16398\" srcset=\"https:\/\/www.fcaglp.unlp.edu.ar\/wp-content\/uploads\/2026\/03\/IMG_2119-1024x768.jpeg 1024w, https:\/\/www.fcaglp.unlp.edu.ar\/wp-content\/uploads\/2026\/03\/IMG_2119-300x225.jpeg 300w, https:\/\/www.fcaglp.unlp.edu.ar\/wp-content\/uploads\/2026\/03\/IMG_2119-768x576.jpeg 768w, https:\/\/www.fcaglp.unlp.edu.ar\/wp-content\/uploads\/2026\/03\/IMG_2119-1536x1152.jpeg 1536w, https:\/\/www.fcaglp.unlp.edu.ar\/wp-content\/uploads\/2026\/03\/IMG_2119-2048x1536.jpeg 2048w\" sizes=\"(max-width: 1024px) 100vw, 1024px\" \/><\/figure>\n\n\n\n<figure class=\"wp-block-image size-large\"><img decoding=\"async\" width=\"768\" height=\"1024\" data-id=\"16401\" src=\"https:\/\/www.fcaglp.unlp.edu.ar\/wp-content\/uploads\/2026\/03\/IMG_2121-768x1024.jpeg\" alt=\"\" class=\"wp-image-16401\" srcset=\"https:\/\/www.fcaglp.unlp.edu.ar\/wp-content\/uploads\/2026\/03\/IMG_2121-768x1024.jpeg 768w, https:\/\/www.fcaglp.unlp.edu.ar\/wp-content\/uploads\/2026\/03\/IMG_2121-225x300.jpeg 225w, https:\/\/www.fcaglp.unlp.edu.ar\/wp-content\/uploads\/2026\/03\/IMG_2121-1152x1536.jpeg 1152w, https:\/\/www.fcaglp.unlp.edu.ar\/wp-content\/uploads\/2026\/03\/IMG_2121-1536x2048.jpeg 1536w, https:\/\/www.fcaglp.unlp.edu.ar\/wp-content\/uploads\/2026\/03\/IMG_2121-scaled.jpeg 1920w\" sizes=\"(max-width: 768px) 100vw, 768px\" \/><\/figure>\n\n\n\n<figure class=\"wp-block-image size-large\"><img decoding=\"async\" width=\"768\" height=\"1024\" data-id=\"16396\" src=\"https:\/\/www.fcaglp.unlp.edu.ar\/wp-content\/uploads\/2026\/03\/IMG_2123-768x1024.jpeg\" alt=\"\" class=\"wp-image-16396\" srcset=\"https:\/\/www.fcaglp.unlp.edu.ar\/wp-content\/uploads\/2026\/03\/IMG_2123-768x1024.jpeg 768w, https:\/\/www.fcaglp.unlp.edu.ar\/wp-content\/uploads\/2026\/03\/IMG_2123-225x300.jpeg 225w, https:\/\/www.fcaglp.unlp.edu.ar\/wp-content\/uploads\/2026\/03\/IMG_2123-1152x1536.jpeg 1152w, https:\/\/www.fcaglp.unlp.edu.ar\/wp-content\/uploads\/2026\/03\/IMG_2123-1536x2048.jpeg 1536w, https:\/\/www.fcaglp.unlp.edu.ar\/wp-content\/uploads\/2026\/03\/IMG_2123-scaled.jpeg 1920w\" sizes=\"(max-width: 768px) 100vw, 768px\" \/><\/figure>\n\n\n\n<figure class=\"wp-block-image size-large\"><img loading=\"lazy\" decoding=\"async\" width=\"1024\" height=\"768\" data-id=\"16399\" src=\"https:\/\/www.fcaglp.unlp.edu.ar\/wp-content\/uploads\/2026\/03\/IMG_2130-1024x768.jpeg\" alt=\"\" class=\"wp-image-16399\" srcset=\"https:\/\/www.fcaglp.unlp.edu.ar\/wp-content\/uploads\/2026\/03\/IMG_2130-1024x768.jpeg 1024w, https:\/\/www.fcaglp.unlp.edu.ar\/wp-content\/uploads\/2026\/03\/IMG_2130-300x225.jpeg 300w, https:\/\/www.fcaglp.unlp.edu.ar\/wp-content\/uploads\/2026\/03\/IMG_2130-768x576.jpeg 768w, https:\/\/www.fcaglp.unlp.edu.ar\/wp-content\/uploads\/2026\/03\/IMG_2130-1536x1152.jpeg 1536w, https:\/\/www.fcaglp.unlp.edu.ar\/wp-content\/uploads\/2026\/03\/IMG_2130-2048x1536.jpeg 2048w\" sizes=\"(max-width: 1024px) 100vw, 1024px\" \/><\/figure>\n\n\n\n<figure class=\"wp-block-image size-large\"><img loading=\"lazy\" decoding=\"async\" width=\"1024\" height=\"768\" data-id=\"16397\" src=\"https:\/\/www.fcaglp.unlp.edu.ar\/wp-content\/uploads\/2026\/03\/IMG_2140-1024x768.jpeg\" alt=\"\" class=\"wp-image-16397\" srcset=\"https:\/\/www.fcaglp.unlp.edu.ar\/wp-content\/uploads\/2026\/03\/IMG_2140-1024x768.jpeg 1024w, https:\/\/www.fcaglp.unlp.edu.ar\/wp-content\/uploads\/2026\/03\/IMG_2140-300x225.jpeg 300w, https:\/\/www.fcaglp.unlp.edu.ar\/wp-content\/uploads\/2026\/03\/IMG_2140-768x576.jpeg 768w, https:\/\/www.fcaglp.unlp.edu.ar\/wp-content\/uploads\/2026\/03\/IMG_2140-1536x1152.jpeg 1536w, https:\/\/www.fcaglp.unlp.edu.ar\/wp-content\/uploads\/2026\/03\/IMG_2140-2048x1536.jpeg 2048w\" sizes=\"(max-width: 1024px) 100vw, 1024px\" \/><\/figure>\n\n\n\n<figure class=\"wp-block-image size-large\"><img loading=\"lazy\" decoding=\"async\" width=\"1024\" height=\"768\" data-id=\"16400\" src=\"https:\/\/www.fcaglp.unlp.edu.ar\/wp-content\/uploads\/2026\/03\/IMG_2156-1024x768.jpeg\" alt=\"\" class=\"wp-image-16400\" srcset=\"https:\/\/www.fcaglp.unlp.edu.ar\/wp-content\/uploads\/2026\/03\/IMG_2156-1024x768.jpeg 1024w, https:\/\/www.fcaglp.unlp.edu.ar\/wp-content\/uploads\/2026\/03\/IMG_2156-300x225.jpeg 300w, https:\/\/www.fcaglp.unlp.edu.ar\/wp-content\/uploads\/2026\/03\/IMG_2156-768x576.jpeg 768w, https:\/\/www.fcaglp.unlp.edu.ar\/wp-content\/uploads\/2026\/03\/IMG_2156-1536x1152.jpeg 1536w, https:\/\/www.fcaglp.unlp.edu.ar\/wp-content\/uploads\/2026\/03\/IMG_2156-2048x1536.jpeg 2048w\" sizes=\"(max-width: 1024px) 100vw, 1024px\" \/><\/figure>\n\n\n\n<figure class=\"wp-block-image size-large\"><img loading=\"lazy\" decoding=\"async\" width=\"1024\" height=\"768\" data-id=\"16402\" src=\"https:\/\/www.fcaglp.unlp.edu.ar\/wp-content\/uploads\/2026\/03\/IMG_2193-1024x768.jpeg\" alt=\"\" class=\"wp-image-16402\" srcset=\"https:\/\/www.fcaglp.unlp.edu.ar\/wp-content\/uploads\/2026\/03\/IMG_2193-1024x768.jpeg 1024w, https:\/\/www.fcaglp.unlp.edu.ar\/wp-content\/uploads\/2026\/03\/IMG_2193-300x225.jpeg 300w, https:\/\/www.fcaglp.unlp.edu.ar\/wp-content\/uploads\/2026\/03\/IMG_2193-768x576.jpeg 768w, https:\/\/www.fcaglp.unlp.edu.ar\/wp-content\/uploads\/2026\/03\/IMG_2193-1536x1152.jpeg 1536w, https:\/\/www.fcaglp.unlp.edu.ar\/wp-content\/uploads\/2026\/03\/IMG_2193-2048x1536.jpeg 2048w\" sizes=\"(max-width: 1024px) 100vw, 1024px\" \/><\/figure>\n\n\n\n<figure class=\"wp-block-image size-large\"><img loading=\"lazy\" decoding=\"async\" width=\"1024\" height=\"768\" data-id=\"16403\" src=\"https:\/\/www.fcaglp.unlp.edu.ar\/wp-content\/uploads\/2026\/03\/IMG_2201-1024x768.jpeg\" alt=\"\" class=\"wp-image-16403\" srcset=\"https:\/\/www.fcaglp.unlp.edu.ar\/wp-content\/uploads\/2026\/03\/IMG_2201-1024x768.jpeg 1024w, https:\/\/www.fcaglp.unlp.edu.ar\/wp-content\/uploads\/2026\/03\/IMG_2201-300x225.jpeg 300w, https:\/\/www.fcaglp.unlp.edu.ar\/wp-content\/uploads\/2026\/03\/IMG_2201-768x576.jpeg 768w, https:\/\/www.fcaglp.unlp.edu.ar\/wp-content\/uploads\/2026\/03\/IMG_2201-1536x1152.jpeg 1536w, https:\/\/www.fcaglp.unlp.edu.ar\/wp-content\/uploads\/2026\/03\/IMG_2201-2048x1536.jpeg 2048w\" sizes=\"(max-width: 1024px) 100vw, 1024px\" \/><\/figure>\n<\/figure>\n","protected":false},"excerpt":{"rendered":"<p>\ud83d\udc49La Decana de la Facultad Dra. Amalia Meza y la Directora del Colegio Nacional &#8220;Rafael Hern\u00e1ndez&#8221;, Dra. Dominique Suffer Quirno, firmaron en el d\u00eda de ayer un comodato por el pr\u00e9stamo de un Telescopio en el marco de profundizar la coordinaci\u00f3n en extensi\u00f3n que vienen desarrollando ambas instituciones; el mismo ser\u00e1 utilizado por la c\u00e1tedra&hellip;&nbsp;<a href=\"https:\/\/www.fcaglp.unlp.edu.ar\/index.php\/firma-de-comodato-con-el-colegio-nacional-rafael-hernandez\/\" rel=\"bookmark\">Read More &raquo;<span class=\"screen-reader-text\">FIRMA DE COMODATO CON EL COLEGIO NACIONAL &#8220;RAFAEL HERN\u00c1NDEZ&#8221;<\/span><\/a><\/p>\n","protected":false},"author":3,"featured_media":16395,"comment_status":"closed","ping_status":"closed","sticky":false,"template":"","format":"standard","meta":{"neve_meta_sidebar":"","neve_meta_container":"","neve_meta_enable_content_width":"","neve_meta_content_width":0,"neve_meta_title_alignment":"","neve_meta_author_avatar":"","neve_post_elements_order":"","neve_meta_disable_header":"","neve_meta_disable_footer":"","neve_meta_disable_title":"","neve_meta_reading_time":"","_themeisle_gutenberg_block_has_review":false,"footnotes":""},"categories":[13],"tags":[],"ubicacionentradas":[19],"class_list":["post-16394","post","type-post","status-publish","format-standard","has-post-thumbnail","hentry","category-institucional","ubicacionentradas-noticias"],"aioseo_notices":[],"aioseo_head":"\n\t\t<!-- All in One SEO 5.0.1.1 - aioseo.com -->\n\t<meta name=\"description\" content=\"\ud83d\udc49La Decana de la Facultad Dra. Amalia Meza y la Directora del Colegio Nacional &quot;Rafael Hern\u00e1ndez&quot;, Dra. Dominique Suffer Quirno, firmaron en el d\u00eda de ayer un comodato por el pr\u00e9stamo de un Telescopio en el marco de profundizar la coordinaci\u00f3n en extensi\u00f3n que vienen desarrollando ambas instituciones; el mismo ser\u00e1 utilizado por la c\u00e1tedra\" \/>\n\t<meta name=\"robots\" content=\"max-image-preview:large\" \/>\n\t<meta name=\"author\" content=\"Emilia\"\/>\n\t<link rel=\"canonical\" href=\"https:\/\/www.fcaglp.unlp.edu.ar\/index.php\/firma-de-comodato-con-el-colegio-nacional-rafael-hernandez\/\" \/>\n\t<meta name=\"generator\" content=\"All in One SEO (AIOSEO) 5.0.1.1\" \/>\n\t\t<meta property=\"og:locale\" content=\"es_ES\" \/>\n\t\t<meta property=\"og:site_name\" content=\"FCAGLP - UNLP - Facultad de Ciencias Astron\u00f3micas y Geof\u00edsica\" \/>\n\t\t<meta property=\"og:type\" content=\"article\" \/>\n\t\t<meta property=\"og:title\" content=\"FIRMA DE COMODATO CON EL COLEGIO NACIONAL \u201cRAFAEL HERN\u00c1NDEZ\u201d - FCAGLP - UNLP\" \/>\n\t\t<meta property=\"og:description\" content=\"\ud83d\udc49La Decana de la Facultad Dra. Amalia Meza y la Directora del Colegio Nacional &quot;Rafael Hern\u00e1ndez&quot;, Dra. Dominique Suffer Quirno, firmaron en el d\u00eda de ayer un comodato por el pr\u00e9stamo de un Telescopio en el marco de profundizar la coordinaci\u00f3n en extensi\u00f3n que vienen desarrollando ambas instituciones; el mismo ser\u00e1 utilizado por la c\u00e1tedra\" \/>\n\t\t<meta property=\"og:url\" content=\"https:\/\/www.fcaglp.unlp.edu.ar\/index.php\/firma-de-comodato-con-el-colegio-nacional-rafael-hernandez\/\" \/>\n\t\t<meta property=\"og:image\" content=\"https:\/\/www.fcaglp.unlp.edu.ar\/wp-content\/uploads\/2021\/12\/WhatsApp-Image-2021-12-07-at-16.59.26.jpeg\" \/>\n\t\t<meta property=\"og:image:secure_url\" content=\"https:\/\/www.fcaglp.unlp.edu.ar\/wp-content\/uploads\/2021\/12\/WhatsApp-Image-2021-12-07-at-16.59.26.jpeg\" \/>\n\t\t<meta property=\"article:published_time\" content=\"2026-03-20T16:46:24+00:00\" \/>\n\t\t<meta property=\"article:modified_time\" content=\"2026-03-20T16:46:29+00:00\" \/>\n\t\t<meta name=\"twitter:card\" content=\"summary\" \/>\n\t\t<meta name=\"twitter:title\" content=\"FIRMA DE COMODATO CON EL COLEGIO NACIONAL \u201cRAFAEL HERN\u00c1NDEZ\u201d - FCAGLP - UNLP\" \/>\n\t\t<meta name=\"twitter:description\" content=\"\ud83d\udc49La Decana de la Facultad Dra. Amalia Meza y la Directora del Colegio Nacional &quot;Rafael Hern\u00e1ndez&quot;, Dra. Dominique Suffer Quirno, firmaron en el d\u00eda de ayer un comodato por el pr\u00e9stamo de un Telescopio en el marco de profundizar la coordinaci\u00f3n en extensi\u00f3n que vienen desarrollando ambas instituciones; el mismo ser\u00e1 utilizado por la c\u00e1tedra\" \/>\n\t\t<meta name=\"twitter:image\" content=\"https:\/\/www.fcaglp.unlp.edu.ar\/wp-content\/uploads\/2021\/12\/WhatsApp-Image-2021-12-07-at-16.59.26.jpeg\" \/>\n\t\t<script type=\"application\/ld+json\" class=\"aioseo-schema\">\n\t\t\t{\"@context\":\"https:\\\/\\\/schema.org\",\"@graph\":[{\"@type\":\"BlogPosting\",\"@id\":\"https:\\\/\\\/www.fcaglp.unlp.edu.ar\\\/index.php\\\/firma-de-comodato-con-el-colegio-nacional-rafael-hernandez\\\/#blogposting\",\"name\":\"FIRMA DE COMODATO CON EL COLEGIO NACIONAL \\u201cRAFAEL HERN\\u00c1NDEZ\\u201d - FCAGLP - UNLP\",\"headline\":\"FIRMA DE COMODATO CON EL COLEGIO NACIONAL &#8220;RAFAEL HERN\\u00c1NDEZ&#8221;\",\"author\":{\"@id\":\"https:\\\/\\\/www.fcaglp.unlp.edu.ar\\\/index.php\\\/author\\\/emilia\\\/#author\"},\"publisher\":{\"@id\":\"https:\\\/\\\/www.fcaglp.unlp.edu.ar\\\/#organization\"},\"image\":{\"@type\":\"ImageObject\",\"url\":\"https:\\\/\\\/www.fcaglp.unlp.edu.ar\\\/wp-content\\\/uploads\\\/2026\\\/03\\\/COMODATO.CNLP_-scaled.jpg\",\"width\":2048,\"height\":2560},\"datePublished\":\"2026-03-20T13:46:24-03:00\",\"dateModified\":\"2026-03-20T13:46:29-03:00\",\"inLanguage\":\"es-AR\",\"mainEntityOfPage\":{\"@id\":\"https:\\\/\\\/www.fcaglp.unlp.edu.ar\\\/index.php\\\/firma-de-comodato-con-el-colegio-nacional-rafael-hernandez\\\/#webpage\"},\"isPartOf\":{\"@id\":\"https:\\\/\\\/www.fcaglp.unlp.edu.ar\\\/index.php\\\/firma-de-comodato-con-el-colegio-nacional-rafael-hernandez\\\/#webpage\"},\"articleSection\":\"Institucional, Noticias\"},{\"@type\":\"BreadcrumbList\",\"@id\":\"https:\\\/\\\/www.fcaglp.unlp.edu.ar\\\/index.php\\\/firma-de-comodato-con-el-colegio-nacional-rafael-hernandez\\\/#breadcrumblist\",\"itemListElement\":[{\"@type\":\"ListItem\",\"@id\":\"https:\\\/\\\/www.fcaglp.unlp.edu.ar#listItem\",\"position\":1,\"name\":\"Home\",\"item\":\"https:\\\/\\\/www.fcaglp.unlp.edu.ar\",\"nextItem\":{\"@type\":\"ListItem\",\"@id\":\"https:\\\/\\\/www.fcaglp.unlp.edu.ar\\\/index.php\\\/category\\\/institucional\\\/#listItem\",\"name\":\"Institucional\"}},{\"@type\":\"ListItem\",\"@id\":\"https:\\\/\\\/www.fcaglp.unlp.edu.ar\\\/index.php\\\/category\\\/institucional\\\/#listItem\",\"position\":2,\"name\":\"Institucional\",\"item\":\"https:\\\/\\\/www.fcaglp.unlp.edu.ar\\\/index.php\\\/category\\\/institucional\\\/\",\"nextItem\":{\"@type\":\"ListItem\",\"@id\":\"https:\\\/\\\/www.fcaglp.unlp.edu.ar\\\/index.php\\\/firma-de-comodato-con-el-colegio-nacional-rafael-hernandez\\\/#listItem\",\"name\":\"FIRMA DE COMODATO CON EL COLEGIO NACIONAL &#8220;RAFAEL HERN\\u00c1NDEZ&#8221;\"},\"previousItem\":{\"@type\":\"ListItem\",\"@id\":\"https:\\\/\\\/www.fcaglp.unlp.edu.ar#listItem\",\"name\":\"Home\"}},{\"@type\":\"ListItem\",\"@id\":\"https:\\\/\\\/www.fcaglp.unlp.edu.ar\\\/index.php\\\/firma-de-comodato-con-el-colegio-nacional-rafael-hernandez\\\/#listItem\",\"position\":3,\"name\":\"FIRMA DE COMODATO CON EL COLEGIO NACIONAL &#8220;RAFAEL HERN\\u00c1NDEZ&#8221;\",\"previousItem\":{\"@type\":\"ListItem\",\"@id\":\"https:\\\/\\\/www.fcaglp.unlp.edu.ar\\\/index.php\\\/category\\\/institucional\\\/#listItem\",\"name\":\"Institucional\"}}]},{\"@type\":\"Organization\",\"@id\":\"https:\\\/\\\/www.fcaglp.unlp.edu.ar\\\/#organization\",\"name\":\"Facultad de Ciencias Astron\\u00f3micas y Geof\\u00edsicas\",\"description\":\"Facultad de Ciencias Astron\\u00f3micas y Geof\\u00edsica\",\"url\":\"https:\\\/\\\/www.fcaglp.unlp.edu.ar\\\/\",\"logo\":{\"@type\":\"ImageObject\",\"url\":\"https:\\\/\\\/www.fcaglp.unlp.edu.ar\\\/wp-content\\\/uploads\\\/2021\\\/12\\\/WhatsApp-Image-2021-12-07-at-16.59.26.jpeg\",\"@id\":\"https:\\\/\\\/www.fcaglp.unlp.edu.ar\\\/index.php\\\/firma-de-comodato-con-el-colegio-nacional-rafael-hernandez\\\/#organizationLogo\",\"width\":210,\"height\":74},\"image\":{\"@id\":\"https:\\\/\\\/www.fcaglp.unlp.edu.ar\\\/index.php\\\/firma-de-comodato-con-el-colegio-nacional-rafael-hernandez\\\/#organizationLogo\"}},{\"@type\":\"Person\",\"@id\":\"https:\\\/\\\/www.fcaglp.unlp.edu.ar\\\/index.php\\\/author\\\/emilia\\\/#author\",\"url\":\"https:\\\/\\\/www.fcaglp.unlp.edu.ar\\\/index.php\\\/author\\\/emilia\\\/\",\"name\":\"Emilia\"},{\"@type\":\"WebPage\",\"@id\":\"https:\\\/\\\/www.fcaglp.unlp.edu.ar\\\/index.php\\\/firma-de-comodato-con-el-colegio-nacional-rafael-hernandez\\\/#webpage\",\"url\":\"https:\\\/\\\/www.fcaglp.unlp.edu.ar\\\/index.php\\\/firma-de-comodato-con-el-colegio-nacional-rafael-hernandez\\\/\",\"name\":\"FIRMA DE COMODATO CON EL COLEGIO NACIONAL \\u201cRAFAEL HERN\\u00c1NDEZ\\u201d - FCAGLP - UNLP\",\"description\":\"\\ud83d\\udc49La Decana de la Facultad Dra. Amalia Meza y la Directora del Colegio Nacional \\\"Rafael Hern\\u00e1ndez\\\", Dra. Dominique Suffer Quirno, firmaron en el d\\u00eda de ayer un comodato por el pr\\u00e9stamo de un Telescopio en el marco de profundizar la coordinaci\\u00f3n en extensi\\u00f3n que vienen desarrollando ambas instituciones; el mismo ser\\u00e1 utilizado por la c\\u00e1tedra\",\"inLanguage\":\"es-AR\",\"isPartOf\":{\"@id\":\"https:\\\/\\\/www.fcaglp.unlp.edu.ar\\\/#website\"},\"breadcrumb\":{\"@id\":\"https:\\\/\\\/www.fcaglp.unlp.edu.ar\\\/index.php\\\/firma-de-comodato-con-el-colegio-nacional-rafael-hernandez\\\/#breadcrumblist\"},\"author\":{\"@id\":\"https:\\\/\\\/www.fcaglp.unlp.edu.ar\\\/index.php\\\/author\\\/emilia\\\/#author\"},\"creator\":{\"@id\":\"https:\\\/\\\/www.fcaglp.unlp.edu.ar\\\/index.php\\\/author\\\/emilia\\\/#author\"},\"image\":{\"@type\":\"ImageObject\",\"url\":\"https:\\\/\\\/www.fcaglp.unlp.edu.ar\\\/wp-content\\\/uploads\\\/2026\\\/03\\\/COMODATO.CNLP_-scaled.jpg\",\"@id\":\"https:\\\/\\\/www.fcaglp.unlp.edu.ar\\\/index.php\\\/firma-de-comodato-con-el-colegio-nacional-rafael-hernandez\\\/#mainImage\",\"width\":2048,\"height\":2560},\"primaryImageOfPage\":{\"@id\":\"https:\\\/\\\/www.fcaglp.unlp.edu.ar\\\/index.php\\\/firma-de-comodato-con-el-colegio-nacional-rafael-hernandez\\\/#mainImage\"},\"datePublished\":\"2026-03-20T13:46:24-03:00\",\"dateModified\":\"2026-03-20T13:46:29-03:00\"},{\"@type\":\"WebSite\",\"@id\":\"https:\\\/\\\/www.fcaglp.unlp.edu.ar\\\/#website\",\"url\":\"https:\\\/\\\/www.fcaglp.unlp.edu.ar\\\/\",\"name\":\"Facultad de Ciencias Astron\\u00f3micas y Geof\\u00edsicas | UNLP\",\"alternateName\":\"FCAGLP | UNLP\",\"description\":\"Facultad de Ciencias Astron\\u00f3micas y Geof\\u00edsica\",\"inLanguage\":\"es-AR\",\"publisher\":{\"@id\":\"https:\\\/\\\/www.fcaglp.unlp.edu.ar\\\/#organization\"}}]}\n\t\t<\/script>\n\t\t<!-- All in One SEO -->\n\n","aioseo_head_json":{"title":"FIRMA DE COMODATO CON EL COLEGIO NACIONAL \u201cRAFAEL HERN\u00c1NDEZ\u201d - FCAGLP - UNLP","description":"\ud83d\udc49La Decana de la Facultad Dra. Amalia Meza y la Directora del Colegio Nacional \"Rafael Hern\u00e1ndez\", Dra. Dominique Suffer Quirno, firmaron en el d\u00eda de ayer un comodato por el pr\u00e9stamo de un Telescopio en el marco de profundizar la coordinaci\u00f3n en extensi\u00f3n que vienen desarrollando ambas instituciones; el mismo ser\u00e1 utilizado por la c\u00e1tedra","canonical_url":"https:\/\/www.fcaglp.unlp.edu.ar\/index.php\/firma-de-comodato-con-el-colegio-nacional-rafael-hernandez\/","robots":"max-image-preview:large","keywords":"","webmasterTools":{"miscellaneous":""},"schema":{"@context":"https:\/\/schema.org","@graph":[{"@type":"BlogPosting","@id":"https:\/\/www.fcaglp.unlp.edu.ar\/index.php\/firma-de-comodato-con-el-colegio-nacional-rafael-hernandez\/#blogposting","name":"FIRMA DE COMODATO CON EL COLEGIO NACIONAL \u201cRAFAEL HERN\u00c1NDEZ\u201d - FCAGLP - UNLP","headline":"FIRMA DE COMODATO CON EL COLEGIO NACIONAL &#8220;RAFAEL HERN\u00c1NDEZ&#8221;","author":{"@id":"https:\/\/www.fcaglp.unlp.edu.ar\/index.php\/author\/emilia\/#author"},"publisher":{"@id":"https:\/\/www.fcaglp.unlp.edu.ar\/#organization"},"image":{"@type":"ImageObject","url":"https:\/\/www.fcaglp.unlp.edu.ar\/wp-content\/uploads\/2026\/03\/COMODATO.CNLP_-scaled.jpg","width":2048,"height":2560},"datePublished":"2026-03-20T13:46:24-03:00","dateModified":"2026-03-20T13:46:29-03:00","inLanguage":"es-AR","mainEntityOfPage":{"@id":"https:\/\/www.fcaglp.unlp.edu.ar\/index.php\/firma-de-comodato-con-el-colegio-nacional-rafael-hernandez\/#webpage"},"isPartOf":{"@id":"https:\/\/www.fcaglp.unlp.edu.ar\/index.php\/firma-de-comodato-con-el-colegio-nacional-rafael-hernandez\/#webpage"},"articleSection":"Institucional, Noticias"},{"@type":"BreadcrumbList","@id":"https:\/\/www.fcaglp.unlp.edu.ar\/index.php\/firma-de-comodato-con-el-colegio-nacional-rafael-hernandez\/#breadcrumblist","itemListElement":[{"@type":"ListItem","@id":"https:\/\/www.fcaglp.unlp.edu.ar#listItem","position":1,"name":"Home","item":"https:\/\/www.fcaglp.unlp.edu.ar","nextItem":{"@type":"ListItem","@id":"https:\/\/www.fcaglp.unlp.edu.ar\/index.php\/category\/institucional\/#listItem","name":"Institucional"}},{"@type":"ListItem","@id":"https:\/\/www.fcaglp.unlp.edu.ar\/index.php\/category\/institucional\/#listItem","position":2,"name":"Institucional","item":"https:\/\/www.fcaglp.unlp.edu.ar\/index.php\/category\/institucional\/","nextItem":{"@type":"ListItem","@id":"https:\/\/www.fcaglp.unlp.edu.ar\/index.php\/firma-de-comodato-con-el-colegio-nacional-rafael-hernandez\/#listItem","name":"FIRMA DE COMODATO CON EL COLEGIO NACIONAL &#8220;RAFAEL HERN\u00c1NDEZ&#8221;"},"previousItem":{"@type":"ListItem","@id":"https:\/\/www.fcaglp.unlp.edu.ar#listItem","name":"Home"}},{"@type":"ListItem","@id":"https:\/\/www.fcaglp.unlp.edu.ar\/index.php\/firma-de-comodato-con-el-colegio-nacional-rafael-hernandez\/#listItem","position":3,"name":"FIRMA DE COMODATO CON EL COLEGIO NACIONAL &#8220;RAFAEL HERN\u00c1NDEZ&#8221;","previousItem":{"@type":"ListItem","@id":"https:\/\/www.fcaglp.unlp.edu.ar\/index.php\/category\/institucional\/#listItem","name":"Institucional"}}]},{"@type":"Organization","@id":"https:\/\/www.fcaglp.unlp.edu.ar\/#organization","name":"Facultad de Ciencias Astron\u00f3micas y Geof\u00edsicas","description":"Facultad de Ciencias Astron\u00f3micas y Geof\u00edsica","url":"https:\/\/www.fcaglp.unlp.edu.ar\/","logo":{"@type":"ImageObject","url":"https:\/\/www.fcaglp.unlp.edu.ar\/wp-content\/uploads\/2021\/12\/WhatsApp-Image-2021-12-07-at-16.59.26.jpeg","@id":"https:\/\/www.fcaglp.unlp.edu.ar\/index.php\/firma-de-comodato-con-el-colegio-nacional-rafael-hernandez\/#organizationLogo","width":210,"height":74},"image":{"@id":"https:\/\/www.fcaglp.unlp.edu.ar\/index.php\/firma-de-comodato-con-el-colegio-nacional-rafael-hernandez\/#organizationLogo"}},{"@type":"Person","@id":"https:\/\/www.fcaglp.unlp.edu.ar\/index.php\/author\/emilia\/#author","url":"https:\/\/www.fcaglp.unlp.edu.ar\/index.php\/author\/emilia\/","name":"Emilia"},{"@type":"WebPage","@id":"https:\/\/www.fcaglp.unlp.edu.ar\/index.php\/firma-de-comodato-con-el-colegio-nacional-rafael-hernandez\/#webpage","url":"https:\/\/www.fcaglp.unlp.edu.ar\/index.php\/firma-de-comodato-con-el-colegio-nacional-rafael-hernandez\/","name":"FIRMA DE COMODATO CON EL COLEGIO NACIONAL \u201cRAFAEL HERN\u00c1NDEZ\u201d - FCAGLP - UNLP","description":"\ud83d\udc49La Decana de la Facultad Dra. Amalia Meza y la Directora del Colegio Nacional \"Rafael Hern\u00e1ndez\", Dra. Dominique Suffer Quirno, firmaron en el d\u00eda de ayer un comodato por el pr\u00e9stamo de un Telescopio en el marco de profundizar la coordinaci\u00f3n en extensi\u00f3n que vienen desarrollando ambas instituciones; el mismo ser\u00e1 utilizado por la c\u00e1tedra","inLanguage":"es-AR","isPartOf":{"@id":"https:\/\/www.fcaglp.unlp.edu.ar\/#website"},"breadcrumb":{"@id":"https:\/\/www.fcaglp.unlp.edu.ar\/index.php\/firma-de-comodato-con-el-colegio-nacional-rafael-hernandez\/#breadcrumblist"},"author":{"@id":"https:\/\/www.fcaglp.unlp.edu.ar\/index.php\/author\/emilia\/#author"},"creator":{"@id":"https:\/\/www.fcaglp.unlp.edu.ar\/index.php\/author\/emilia\/#author"},"image":{"@type":"ImageObject","url":"https:\/\/www.fcaglp.unlp.edu.ar\/wp-content\/uploads\/2026\/03\/COMODATO.CNLP_-scaled.jpg","@id":"https:\/\/www.fcaglp.unlp.edu.ar\/index.php\/firma-de-comodato-con-el-colegio-nacional-rafael-hernandez\/#mainImage","width":2048,"height":2560},"primaryImageOfPage":{"@id":"https:\/\/www.fcaglp.unlp.edu.ar\/index.php\/firma-de-comodato-con-el-colegio-nacional-rafael-hernandez\/#mainImage"},"datePublished":"2026-03-20T13:46:24-03:00","dateModified":"2026-03-20T13:46:29-03:00"},{"@type":"WebSite","@id":"https:\/\/www.fcaglp.unlp.edu.ar\/#website","url":"https:\/\/www.fcaglp.unlp.edu.ar\/","name":"Facultad de Ciencias Astron\u00f3micas y Geof\u00edsicas | UNLP","alternateName":"FCAGLP | UNLP","description":"Facultad de Ciencias Astron\u00f3micas y Geof\u00edsica","inLanguage":"es-AR","publisher":{"@id":"https:\/\/www.fcaglp.unlp.edu.ar\/#organization"}}]},"og:locale":"es_ES","og:site_name":"FCAGLP - UNLP - Facultad de Ciencias Astron\u00f3micas y Geof\u00edsica","og:type":"article","og:title":"FIRMA DE COMODATO CON EL COLEGIO NACIONAL \u201cRAFAEL HERN\u00c1NDEZ\u201d - FCAGLP - UNLP","og:description":"\ud83d\udc49La Decana de la Facultad Dra. Amalia Meza y la Directora del Colegio Nacional &quot;Rafael Hern\u00e1ndez&quot;, Dra. Dominique Suffer Quirno, firmaron en el d\u00eda de ayer un comodato por el pr\u00e9stamo de un Telescopio en el marco de profundizar la coordinaci\u00f3n en extensi\u00f3n que vienen desarrollando ambas instituciones; el mismo ser\u00e1 utilizado por la c\u00e1tedra","og:url":"https:\/\/www.fcaglp.unlp.edu.ar\/index.php\/firma-de-comodato-con-el-colegio-nacional-rafael-hernandez\/","og:image":"https:\/\/www.fcaglp.unlp.edu.ar\/wp-content\/uploads\/2021\/12\/WhatsApp-Image-2021-12-07-at-16.59.26.jpeg","og:image:secure_url":"https:\/\/www.fcaglp.unlp.edu.ar\/wp-content\/uploads\/2021\/12\/WhatsApp-Image-2021-12-07-at-16.59.26.jpeg","article:published_time":"2026-03-20T16:46:24+00:00","article:modified_time":"2026-03-20T16:46:29+00:00","twitter:card":"summary","twitter:title":"FIRMA DE COMODATO CON EL COLEGIO NACIONAL \u201cRAFAEL HERN\u00c1NDEZ\u201d - FCAGLP - UNLP","twitter:description":"\ud83d\udc49La Decana de la Facultad Dra. Amalia Meza y la Directora del Colegio Nacional &quot;Rafael Hern\u00e1ndez&quot;, Dra. Dominique Suffer Quirno, firmaron en el d\u00eda de ayer un comodato por el pr\u00e9stamo de un Telescopio en el marco de profundizar la coordinaci\u00f3n en extensi\u00f3n que vienen desarrollando ambas instituciones; el mismo ser\u00e1 utilizado por la c\u00e1tedra","twitter:image":"https:\/\/www.fcaglp.unlp.edu.ar\/wp-content\/uploads\/2021\/12\/WhatsApp-Image-2021-12-07-at-16.59.26.jpeg"},"aioseo_meta_data":{"post_id":"16394","title":null,"description":null,"keywords":null,"keyphrases":null,"primary_term":null,"canonical_url":null,"og_title":null,"og_description":null,"og_object_type":"default","og_image_type":"default","og_image_url":null,"og_image_width":null,"og_image_height":null,"og_image_custom_url":null,"og_image_custom_fields":null,"og_video":null,"og_custom_url":null,"og_article_section":null,"og_article_tags":null,"twitter_use_og":false,"twitter_card":"default","twitter_image_type":"default","twitter_image_url":null,"twitter_image_custom_url":null,"twitter_image_custom_fields":null,"twitter_title":null,"twitter_description":null,"schema":{"blockGraphs":[],"customGraphs":[],"default":{"data":{"Article":[],"Course":[],"Dataset":[],"FAQPage":[],"Movie":[],"Person":[],"Product":[],"ProductReview":[],"Car":[],"Recipe":[],"Service":[],"SoftwareApplication":[],"WebPage":[]},"graphName":"","isEnabled":true},"graphs":[]},"schema_type":"default","schema_type_options":null,"pillar_content":false,"robots_default":true,"robots_noindex":false,"robots_noarchive":false,"robots_nosnippet":false,"robots_nofollow":false,"robots_noimageindex":false,"robots_noodp":false,"robots_notranslate":false,"robots_max_snippet":null,"robots_max_videopreview":null,"robots_max_imagepreview":"large","priority":null,"frequency":null,"local_seo":null,"breadcrumb_settings":null,"limit_modified_date":false,"ai":null,"created":"2026-08-10 05:52:53","updated":"2026-08-10 05:52:53","seo_analyzer_scan_date":null,"focus_keyword":null,"additional_keywords":null,"truseo_locale":null},"aioseo_breadcrumb":"<div class=\"aioseo-breadcrumbs\"><span class=\"aioseo-breadcrumb\">\n\t\t\t<a href=\"https:\/\/www.fcaglp.unlp.edu.ar\" title=\"Home\">Home<\/a>\n\t\t<\/span><span class=\"aioseo-breadcrumb-separator\">&raquo;<\/span><span class=\"aioseo-breadcrumb\">\n\t\t\t<a href=\"https:\/\/www.fcaglp.unlp.edu.ar\/index.php\/category\/institucional\/\" title=\"Institucional\">Institucional<\/a>\n\t\t<\/span><span class=\"aioseo-breadcrumb-separator\">&raquo;<\/span><span class=\"aioseo-breadcrumb\">\n\t\t\tFIRMA DE COMODATO CON EL COLEGIO NACIONAL \u201cRAFAEL HERN\u00c1NDEZ\u201d\n\t\t<\/span><\/div>","aioseo_breadcrumb_json":[{"label":"Home","link":"https:\/\/www.fcaglp.unlp.edu.ar"},{"label":"Institucional","link":"https:\/\/www.fcaglp.unlp.edu.ar\/index.php\/category\/institucional\/"},{"label":"FIRMA DE COMODATO CON EL COLEGIO NACIONAL &#8220;RAFAEL HERN\u00c1NDEZ&#8221;","link":"https:\/\/www.fcaglp.unlp.edu.ar\/index.php\/firma-de-comodato-con-el-colegio-nacional-rafael-hernandez\/"}],"_links":{"self":[{"href":"https:\/\/www.fcaglp.unlp.edu.ar\/index.php\/wp-json\/wp\/v2\/posts\/16394","targetHints":{"allow":["GET"]}}],"collection":[{"href":"https:\/\/www.fcaglp.unlp.edu.ar\/index.php\/wp-json\/wp\/v2\/posts"}],"about":[{"href":"https:\/\/www.fcaglp.unlp.edu.ar\/index.php\/wp-json\/wp\/v2\/types\/post"}],"author":[{"embeddable":true,"href":"https:\/\/www.fcaglp.unlp.edu.ar\/index.php\/wp-json\/wp\/v2\/users\/3"}],"replies":[{"embeddable":true,"href":"https:\/\/www.fcaglp.unlp.edu.ar\/index.php\/wp-json\/wp\/v2\/comments?post=16394"}],"version-history":[{"count":1,"href":"https:\/\/www.fcaglp.unlp.edu.ar\/index.php\/wp-json\/wp\/v2\/posts\/16394\/revisions"}],"predecessor-version":[{"id":16404,"href":"https:\/\/www.fcaglp.unlp.edu.ar\/index.php\/wp-json\/wp\/v2\/posts\/16394\/revisions\/16404"}],"wp:featuredmedia":[{"embeddable":true,"href":"https:\/\/www.fcaglp.unlp.edu.ar\/index.php\/wp-json\/wp\/v2\/media\/16395"}],"wp:attachment":[{"href":"https:\/\/www.fcaglp.unlp.edu.ar\/index.php\/wp-json\/wp\/v2\/media?parent=16394"}],"wp:term":[{"taxonomy":"category","embeddable":true,"href":"https:\/\/www.fcaglp.unlp.edu.ar\/index.php\/wp-json\/wp\/v2\/categories?post=16394"},{"taxonomy":"post_tag","embeddable":true,"href":"https:\/\/www.fcaglp.unlp.edu.ar\/index.php\/wp-json\/wp\/v2\/tags?post=16394"},{"taxonomy":"ubicacionentradas","embeddable":true,"href":"https:\/\/www.fcaglp.unlp.edu.ar\/index.php\/wp-json\/wp\/v2\/ubicacionentradas?post=16394"}],"curies":[{"name":"wp","href":"https:\/\/api.w.org\/{rel}","templated":true}]}}