{"id":14556,"date":"2025-11-04T09:04:24","date_gmt":"2025-11-04T12:04:24","guid":{"rendered":"https:\/\/www.fcaglp.unlp.edu.ar\/?p=14556"},"modified":"2025-11-04T09:04:28","modified_gmt":"2025-11-04T12:04:28","slug":"seminarios-secyt-juan-carlos-rodriguez-ramirez","status":"publish","type":"post","link":"https:\/\/www.fcaglp.unlp.edu.ar\/index.php\/seminarios-secyt-juan-carlos-rodriguez-ramirez\/","title":{"rendered":"SEMINARIOS SECYT &#8211; JUAN CARLOS RODRIGUEZ RAMIREZ"},"content":{"rendered":"\n<figure class=\"wp-block-image size-large\"><img fetchpriority=\"high\" decoding=\"async\" width=\"1024\" height=\"645\" src=\"https:\/\/www.fcaglp.unlp.edu.ar\/wp-content\/uploads\/2025\/11\/SEMINARIOS-OCT-NOV-2025-06-1024x645.jpg\" alt=\"\" class=\"wp-image-14557\" srcset=\"https:\/\/www.fcaglp.unlp.edu.ar\/wp-content\/uploads\/2025\/11\/SEMINARIOS-OCT-NOV-2025-06-1024x645.jpg 1024w, https:\/\/www.fcaglp.unlp.edu.ar\/wp-content\/uploads\/2025\/11\/SEMINARIOS-OCT-NOV-2025-06-300x189.jpg 300w, https:\/\/www.fcaglp.unlp.edu.ar\/wp-content\/uploads\/2025\/11\/SEMINARIOS-OCT-NOV-2025-06-768x484.jpg 768w, https:\/\/www.fcaglp.unlp.edu.ar\/wp-content\/uploads\/2025\/11\/SEMINARIOS-OCT-NOV-2025-06-1536x968.jpg 1536w, https:\/\/www.fcaglp.unlp.edu.ar\/wp-content\/uploads\/2025\/11\/SEMINARIOS-OCT-NOV-2025-06-2048x1290.jpg 2048w\" sizes=\"(max-width: 1024px) 100vw, 1024px\" \/><\/figure>\n\n\n\n<p class=\"wp-block-paragraph\">\ud83d\udde3CICLO DE SEMINARIOS &#8211; SeCyT FCAG\ud83d\udde3<\/p>\n\n\n\n<p class=\"wp-block-paragraph\">\u2728Emisiones electromagn\u00e9ticas asociadas con fusiones de agujeros negros binarios.<br>A cargo del Dr. Juan Carlos Rodriguez Ramirez<\/p>\n\n\n\n<p class=\"wp-block-paragraph\">\ud83d\uddd3 Jueves 6 de noviembre<br>\u23f0 13:30 h<br>\ud83d\udccd Sal\u00f3n Meridiano &#8211; FCAG<\/p>\n\n\n\n<p class=\"wp-block-paragraph\">\u00a1Te esperamos!<\/p>\n","protected":false},"excerpt":{"rendered":"<p>\ud83d\udde3CICLO DE SEMINARIOS &#8211; SeCyT FCAG\ud83d\udde3 \u2728Emisiones electromagn\u00e9ticas asociadas con fusiones de agujeros negros binarios.A cargo del Dr. Juan Carlos Rodriguez Ramirez \ud83d\uddd3 Jueves 6 de noviembre\u23f0 13:30 h\ud83d\udccd Sal\u00f3n Meridiano &#8211; FCAG \u00a1Te esperamos!<\/p>\n","protected":false},"author":3,"featured_media":14559,"comment_status":"closed","ping_status":"closed","sticky":false,"template":"","format":"standard","meta":{"neve_meta_sidebar":"","neve_meta_container":"","neve_meta_enable_content_width":"","neve_meta_content_width":0,"neve_meta_title_alignment":"","neve_meta_author_avatar":"","neve_post_elements_order":"","neve_meta_disable_header":"","neve_meta_disable_footer":"","neve_meta_disable_title":"","neve_meta_reading_time":"","_themeisle_gutenberg_block_has_review":false,"footnotes":""},"categories":[5038],"tags":[],"ubicacionentradas":[20],"class_list":["post-14556","post","type-post","status-publish","format-standard","has-post-thumbnail","hentry","category-ciclo_de_charlas","ubicacionentradas-eventos"],"aioseo_notices":[],"aioseo_head":"\n\t\t<!-- All in One SEO 5.0.1.1 - aioseo.com -->\n\t<meta name=\"description\" content=\"\ud83d\udde3CICLO DE SEMINARIOS - SeCyT FCAG\ud83d\udde3 \u2728Emisiones electromagn\u00e9ticas asociadas con fusiones de agujeros negros binarios.A cargo del Dr. Juan Carlos Rodriguez Ramirez \ud83d\uddd3 Jueves 6 de noviembre\u23f0 13:30 h\ud83d\udccd Sal\u00f3n Meridiano - FCAG \u00a1Te esperamos!\" \/>\n\t<meta name=\"robots\" content=\"max-image-preview:large\" \/>\n\t<meta name=\"author\" content=\"Emilia\"\/>\n\t<link rel=\"canonical\" href=\"https:\/\/www.fcaglp.unlp.edu.ar\/index.php\/seminarios-secyt-juan-carlos-rodriguez-ramirez\/\" \/>\n\t<meta name=\"generator\" content=\"All in One SEO (AIOSEO) 5.0.1.1\" \/>\n\t\t<meta property=\"og:locale\" content=\"es_ES\" \/>\n\t\t<meta property=\"og:site_name\" content=\"FCAGLP - UNLP - Facultad de Ciencias Astron\u00f3micas y Geof\u00edsica\" \/>\n\t\t<meta property=\"og:type\" content=\"article\" \/>\n\t\t<meta property=\"og:title\" content=\"SEMINARIOS SECYT \u2013 JUAN CARLOS RODRIGUEZ RAMIREZ - FCAGLP - UNLP\" \/>\n\t\t<meta property=\"og:description\" content=\"\ud83d\udde3CICLO DE SEMINARIOS - SeCyT FCAG\ud83d\udde3 \u2728Emisiones electromagn\u00e9ticas asociadas con fusiones de agujeros negros binarios.A cargo del Dr. Juan Carlos Rodriguez Ramirez \ud83d\uddd3 Jueves 6 de noviembre\u23f0 13:30 h\ud83d\udccd Sal\u00f3n Meridiano - FCAG \u00a1Te esperamos!\" \/>\n\t\t<meta property=\"og:url\" content=\"https:\/\/www.fcaglp.unlp.edu.ar\/index.php\/seminarios-secyt-juan-carlos-rodriguez-ramirez\/\" \/>\n\t\t<meta property=\"og:image\" content=\"https:\/\/www.fcaglp.unlp.edu.ar\/wp-content\/uploads\/2021\/12\/WhatsApp-Image-2021-12-07-at-16.59.26.jpeg\" \/>\n\t\t<meta property=\"og:image:secure_url\" content=\"https:\/\/www.fcaglp.unlp.edu.ar\/wp-content\/uploads\/2021\/12\/WhatsApp-Image-2021-12-07-at-16.59.26.jpeg\" \/>\n\t\t<meta property=\"article:published_time\" content=\"2025-11-04T12:04:24+00:00\" \/>\n\t\t<meta property=\"article:modified_time\" content=\"2025-11-04T12:04:28+00:00\" \/>\n\t\t<meta name=\"twitter:card\" content=\"summary\" \/>\n\t\t<meta name=\"twitter:title\" content=\"SEMINARIOS SECYT \u2013 JUAN CARLOS RODRIGUEZ RAMIREZ - FCAGLP - UNLP\" \/>\n\t\t<meta name=\"twitter:description\" content=\"\ud83d\udde3CICLO DE SEMINARIOS - SeCyT FCAG\ud83d\udde3 \u2728Emisiones electromagn\u00e9ticas asociadas con fusiones de agujeros negros binarios.A cargo del Dr. Juan Carlos Rodriguez Ramirez \ud83d\uddd3 Jueves 6 de noviembre\u23f0 13:30 h\ud83d\udccd Sal\u00f3n Meridiano - FCAG \u00a1Te esperamos!\" \/>\n\t\t<meta name=\"twitter:image\" content=\"https:\/\/www.fcaglp.unlp.edu.ar\/wp-content\/uploads\/2021\/12\/WhatsApp-Image-2021-12-07-at-16.59.26.jpeg\" \/>\n\t\t<script type=\"application\/ld+json\" class=\"aioseo-schema\">\n\t\t\t{\"@context\":\"https:\\\/\\\/schema.org\",\"@graph\":[{\"@type\":\"BlogPosting\",\"@id\":\"https:\\\/\\\/www.fcaglp.unlp.edu.ar\\\/index.php\\\/seminarios-secyt-juan-carlos-rodriguez-ramirez\\\/#blogposting\",\"name\":\"SEMINARIOS SECYT \\u2013 JUAN CARLOS RODRIGUEZ RAMIREZ - FCAGLP - UNLP\",\"headline\":\"SEMINARIOS SECYT &#8211; JUAN CARLOS RODRIGUEZ RAMIREZ\",\"author\":{\"@id\":\"https:\\\/\\\/www.fcaglp.unlp.edu.ar\\\/index.php\\\/author\\\/emilia\\\/#author\"},\"publisher\":{\"@id\":\"https:\\\/\\\/www.fcaglp.unlp.edu.ar\\\/#organization\"},\"image\":{\"@type\":\"ImageObject\",\"url\":\"https:\\\/\\\/www.fcaglp.unlp.edu.ar\\\/wp-content\\\/uploads\\\/2025\\\/11\\\/SEMINARIOS-OCT-NOV-2025-05-scaled.jpg\",\"width\":2049,\"height\":2560},\"datePublished\":\"2025-11-04T09:04:24-03:00\",\"dateModified\":\"2025-11-04T09:04:28-03:00\",\"inLanguage\":\"es-AR\",\"mainEntityOfPage\":{\"@id\":\"https:\\\/\\\/www.fcaglp.unlp.edu.ar\\\/index.php\\\/seminarios-secyt-juan-carlos-rodriguez-ramirez\\\/#webpage\"},\"isPartOf\":{\"@id\":\"https:\\\/\\\/www.fcaglp.unlp.edu.ar\\\/index.php\\\/seminarios-secyt-juan-carlos-rodriguez-ramirez\\\/#webpage\"},\"articleSection\":\"Ciclo de charlas, Eventos\"},{\"@type\":\"BreadcrumbList\",\"@id\":\"https:\\\/\\\/www.fcaglp.unlp.edu.ar\\\/index.php\\\/seminarios-secyt-juan-carlos-rodriguez-ramirez\\\/#breadcrumblist\",\"itemListElement\":[{\"@type\":\"ListItem\",\"@id\":\"https:\\\/\\\/www.fcaglp.unlp.edu.ar#listItem\",\"position\":1,\"name\":\"Home\",\"item\":\"https:\\\/\\\/www.fcaglp.unlp.edu.ar\",\"nextItem\":{\"@type\":\"ListItem\",\"@id\":\"https:\\\/\\\/www.fcaglp.unlp.edu.ar\\\/index.php\\\/category\\\/ciclo_de_charlas\\\/#listItem\",\"name\":\"Ciclo de charlas\"}},{\"@type\":\"ListItem\",\"@id\":\"https:\\\/\\\/www.fcaglp.unlp.edu.ar\\\/index.php\\\/category\\\/ciclo_de_charlas\\\/#listItem\",\"position\":2,\"name\":\"Ciclo de charlas\",\"item\":\"https:\\\/\\\/www.fcaglp.unlp.edu.ar\\\/index.php\\\/category\\\/ciclo_de_charlas\\\/\",\"nextItem\":{\"@type\":\"ListItem\",\"@id\":\"https:\\\/\\\/www.fcaglp.unlp.edu.ar\\\/index.php\\\/seminarios-secyt-juan-carlos-rodriguez-ramirez\\\/#listItem\",\"name\":\"SEMINARIOS SECYT &#8211; JUAN CARLOS RODRIGUEZ RAMIREZ\"},\"previousItem\":{\"@type\":\"ListItem\",\"@id\":\"https:\\\/\\\/www.fcaglp.unlp.edu.ar#listItem\",\"name\":\"Home\"}},{\"@type\":\"ListItem\",\"@id\":\"https:\\\/\\\/www.fcaglp.unlp.edu.ar\\\/index.php\\\/seminarios-secyt-juan-carlos-rodriguez-ramirez\\\/#listItem\",\"position\":3,\"name\":\"SEMINARIOS SECYT &#8211; JUAN CARLOS RODRIGUEZ RAMIREZ\",\"previousItem\":{\"@type\":\"ListItem\",\"@id\":\"https:\\\/\\\/www.fcaglp.unlp.edu.ar\\\/index.php\\\/category\\\/ciclo_de_charlas\\\/#listItem\",\"name\":\"Ciclo de charlas\"}}]},{\"@type\":\"Organization\",\"@id\":\"https:\\\/\\\/www.fcaglp.unlp.edu.ar\\\/#organization\",\"name\":\"Facultad de Ciencias Astron\\u00f3micas y Geof\\u00edsicas\",\"description\":\"Facultad de Ciencias Astron\\u00f3micas y Geof\\u00edsica\",\"url\":\"https:\\\/\\\/www.fcaglp.unlp.edu.ar\\\/\",\"logo\":{\"@type\":\"ImageObject\",\"url\":\"https:\\\/\\\/www.fcaglp.unlp.edu.ar\\\/wp-content\\\/uploads\\\/2021\\\/12\\\/WhatsApp-Image-2021-12-07-at-16.59.26.jpeg\",\"@id\":\"https:\\\/\\\/www.fcaglp.unlp.edu.ar\\\/index.php\\\/seminarios-secyt-juan-carlos-rodriguez-ramirez\\\/#organizationLogo\",\"width\":210,\"height\":74},\"image\":{\"@id\":\"https:\\\/\\\/www.fcaglp.unlp.edu.ar\\\/index.php\\\/seminarios-secyt-juan-carlos-rodriguez-ramirez\\\/#organizationLogo\"}},{\"@type\":\"Person\",\"@id\":\"https:\\\/\\\/www.fcaglp.unlp.edu.ar\\\/index.php\\\/author\\\/emilia\\\/#author\",\"url\":\"https:\\\/\\\/www.fcaglp.unlp.edu.ar\\\/index.php\\\/author\\\/emilia\\\/\",\"name\":\"Emilia\"},{\"@type\":\"WebPage\",\"@id\":\"https:\\\/\\\/www.fcaglp.unlp.edu.ar\\\/index.php\\\/seminarios-secyt-juan-carlos-rodriguez-ramirez\\\/#webpage\",\"url\":\"https:\\\/\\\/www.fcaglp.unlp.edu.ar\\\/index.php\\\/seminarios-secyt-juan-carlos-rodriguez-ramirez\\\/\",\"name\":\"SEMINARIOS SECYT \\u2013 JUAN CARLOS RODRIGUEZ RAMIREZ - FCAGLP - UNLP\",\"description\":\"\\ud83d\\udde3CICLO DE SEMINARIOS - SeCyT FCAG\\ud83d\\udde3 \\u2728Emisiones electromagn\\u00e9ticas asociadas con fusiones de agujeros negros binarios.A cargo del Dr. Juan Carlos Rodriguez Ramirez \\ud83d\\uddd3 Jueves 6 de noviembre\\u23f0 13:30 h\\ud83d\\udccd Sal\\u00f3n Meridiano - FCAG \\u00a1Te esperamos!\",\"inLanguage\":\"es-AR\",\"isPartOf\":{\"@id\":\"https:\\\/\\\/www.fcaglp.unlp.edu.ar\\\/#website\"},\"breadcrumb\":{\"@id\":\"https:\\\/\\\/www.fcaglp.unlp.edu.ar\\\/index.php\\\/seminarios-secyt-juan-carlos-rodriguez-ramirez\\\/#breadcrumblist\"},\"author\":{\"@id\":\"https:\\\/\\\/www.fcaglp.unlp.edu.ar\\\/index.php\\\/author\\\/emilia\\\/#author\"},\"creator\":{\"@id\":\"https:\\\/\\\/www.fcaglp.unlp.edu.ar\\\/index.php\\\/author\\\/emilia\\\/#author\"},\"image\":{\"@type\":\"ImageObject\",\"url\":\"https:\\\/\\\/www.fcaglp.unlp.edu.ar\\\/wp-content\\\/uploads\\\/2025\\\/11\\\/SEMINARIOS-OCT-NOV-2025-05-scaled.jpg\",\"@id\":\"https:\\\/\\\/www.fcaglp.unlp.edu.ar\\\/index.php\\\/seminarios-secyt-juan-carlos-rodriguez-ramirez\\\/#mainImage\",\"width\":2049,\"height\":2560},\"primaryImageOfPage\":{\"@id\":\"https:\\\/\\\/www.fcaglp.unlp.edu.ar\\\/index.php\\\/seminarios-secyt-juan-carlos-rodriguez-ramirez\\\/#mainImage\"},\"datePublished\":\"2025-11-04T09:04:24-03:00\",\"dateModified\":\"2025-11-04T09:04:28-03:00\"},{\"@type\":\"WebSite\",\"@id\":\"https:\\\/\\\/www.fcaglp.unlp.edu.ar\\\/#website\",\"url\":\"https:\\\/\\\/www.fcaglp.unlp.edu.ar\\\/\",\"name\":\"Facultad de Ciencias Astron\\u00f3micas y Geof\\u00edsicas | UNLP\",\"alternateName\":\"FCAGLP | UNLP\",\"description\":\"Facultad de Ciencias Astron\\u00f3micas y Geof\\u00edsica\",\"inLanguage\":\"es-AR\",\"publisher\":{\"@id\":\"https:\\\/\\\/www.fcaglp.unlp.edu.ar\\\/#organization\"}}]}\n\t\t<\/script>\n\t\t<!-- All in One SEO -->\n\n","aioseo_head_json":{"title":"SEMINARIOS SECYT \u2013 JUAN CARLOS RODRIGUEZ RAMIREZ - FCAGLP - UNLP","description":"\ud83d\udde3CICLO DE SEMINARIOS - SeCyT FCAG\ud83d\udde3 \u2728Emisiones electromagn\u00e9ticas asociadas con fusiones de agujeros negros binarios.A cargo del Dr. Juan Carlos Rodriguez Ramirez \ud83d\uddd3 Jueves 6 de noviembre\u23f0 13:30 h\ud83d\udccd Sal\u00f3n Meridiano - FCAG \u00a1Te esperamos!","canonical_url":"https:\/\/www.fcaglp.unlp.edu.ar\/index.php\/seminarios-secyt-juan-carlos-rodriguez-ramirez\/","robots":"max-image-preview:large","keywords":"","webmasterTools":{"miscellaneous":""},"schema":{"@context":"https:\/\/schema.org","@graph":[{"@type":"BlogPosting","@id":"https:\/\/www.fcaglp.unlp.edu.ar\/index.php\/seminarios-secyt-juan-carlos-rodriguez-ramirez\/#blogposting","name":"SEMINARIOS SECYT \u2013 JUAN CARLOS RODRIGUEZ RAMIREZ - FCAGLP - UNLP","headline":"SEMINARIOS SECYT &#8211; JUAN CARLOS RODRIGUEZ RAMIREZ","author":{"@id":"https:\/\/www.fcaglp.unlp.edu.ar\/index.php\/author\/emilia\/#author"},"publisher":{"@id":"https:\/\/www.fcaglp.unlp.edu.ar\/#organization"},"image":{"@type":"ImageObject","url":"https:\/\/www.fcaglp.unlp.edu.ar\/wp-content\/uploads\/2025\/11\/SEMINARIOS-OCT-NOV-2025-05-scaled.jpg","width":2049,"height":2560},"datePublished":"2025-11-04T09:04:24-03:00","dateModified":"2025-11-04T09:04:28-03:00","inLanguage":"es-AR","mainEntityOfPage":{"@id":"https:\/\/www.fcaglp.unlp.edu.ar\/index.php\/seminarios-secyt-juan-carlos-rodriguez-ramirez\/#webpage"},"isPartOf":{"@id":"https:\/\/www.fcaglp.unlp.edu.ar\/index.php\/seminarios-secyt-juan-carlos-rodriguez-ramirez\/#webpage"},"articleSection":"Ciclo de charlas, Eventos"},{"@type":"BreadcrumbList","@id":"https:\/\/www.fcaglp.unlp.edu.ar\/index.php\/seminarios-secyt-juan-carlos-rodriguez-ramirez\/#breadcrumblist","itemListElement":[{"@type":"ListItem","@id":"https:\/\/www.fcaglp.unlp.edu.ar#listItem","position":1,"name":"Home","item":"https:\/\/www.fcaglp.unlp.edu.ar","nextItem":{"@type":"ListItem","@id":"https:\/\/www.fcaglp.unlp.edu.ar\/index.php\/category\/ciclo_de_charlas\/#listItem","name":"Ciclo de charlas"}},{"@type":"ListItem","@id":"https:\/\/www.fcaglp.unlp.edu.ar\/index.php\/category\/ciclo_de_charlas\/#listItem","position":2,"name":"Ciclo de charlas","item":"https:\/\/www.fcaglp.unlp.edu.ar\/index.php\/category\/ciclo_de_charlas\/","nextItem":{"@type":"ListItem","@id":"https:\/\/www.fcaglp.unlp.edu.ar\/index.php\/seminarios-secyt-juan-carlos-rodriguez-ramirez\/#listItem","name":"SEMINARIOS SECYT &#8211; JUAN CARLOS RODRIGUEZ RAMIREZ"},"previousItem":{"@type":"ListItem","@id":"https:\/\/www.fcaglp.unlp.edu.ar#listItem","name":"Home"}},{"@type":"ListItem","@id":"https:\/\/www.fcaglp.unlp.edu.ar\/index.php\/seminarios-secyt-juan-carlos-rodriguez-ramirez\/#listItem","position":3,"name":"SEMINARIOS SECYT &#8211; JUAN CARLOS RODRIGUEZ RAMIREZ","previousItem":{"@type":"ListItem","@id":"https:\/\/www.fcaglp.unlp.edu.ar\/index.php\/category\/ciclo_de_charlas\/#listItem","name":"Ciclo de charlas"}}]},{"@type":"Organization","@id":"https:\/\/www.fcaglp.unlp.edu.ar\/#organization","name":"Facultad de Ciencias Astron\u00f3micas y Geof\u00edsicas","description":"Facultad de Ciencias Astron\u00f3micas y Geof\u00edsica","url":"https:\/\/www.fcaglp.unlp.edu.ar\/","logo":{"@type":"ImageObject","url":"https:\/\/www.fcaglp.unlp.edu.ar\/wp-content\/uploads\/2021\/12\/WhatsApp-Image-2021-12-07-at-16.59.26.jpeg","@id":"https:\/\/www.fcaglp.unlp.edu.ar\/index.php\/seminarios-secyt-juan-carlos-rodriguez-ramirez\/#organizationLogo","width":210,"height":74},"image":{"@id":"https:\/\/www.fcaglp.unlp.edu.ar\/index.php\/seminarios-secyt-juan-carlos-rodriguez-ramirez\/#organizationLogo"}},{"@type":"Person","@id":"https:\/\/www.fcaglp.unlp.edu.ar\/index.php\/author\/emilia\/#author","url":"https:\/\/www.fcaglp.unlp.edu.ar\/index.php\/author\/emilia\/","name":"Emilia"},{"@type":"WebPage","@id":"https:\/\/www.fcaglp.unlp.edu.ar\/index.php\/seminarios-secyt-juan-carlos-rodriguez-ramirez\/#webpage","url":"https:\/\/www.fcaglp.unlp.edu.ar\/index.php\/seminarios-secyt-juan-carlos-rodriguez-ramirez\/","name":"SEMINARIOS SECYT \u2013 JUAN CARLOS RODRIGUEZ RAMIREZ - FCAGLP - UNLP","description":"\ud83d\udde3CICLO DE SEMINARIOS - SeCyT FCAG\ud83d\udde3 \u2728Emisiones electromagn\u00e9ticas asociadas con fusiones de agujeros negros binarios.A cargo del Dr. Juan Carlos Rodriguez Ramirez \ud83d\uddd3 Jueves 6 de noviembre\u23f0 13:30 h\ud83d\udccd Sal\u00f3n Meridiano - FCAG \u00a1Te esperamos!","inLanguage":"es-AR","isPartOf":{"@id":"https:\/\/www.fcaglp.unlp.edu.ar\/#website"},"breadcrumb":{"@id":"https:\/\/www.fcaglp.unlp.edu.ar\/index.php\/seminarios-secyt-juan-carlos-rodriguez-ramirez\/#breadcrumblist"},"author":{"@id":"https:\/\/www.fcaglp.unlp.edu.ar\/index.php\/author\/emilia\/#author"},"creator":{"@id":"https:\/\/www.fcaglp.unlp.edu.ar\/index.php\/author\/emilia\/#author"},"image":{"@type":"ImageObject","url":"https:\/\/www.fcaglp.unlp.edu.ar\/wp-content\/uploads\/2025\/11\/SEMINARIOS-OCT-NOV-2025-05-scaled.jpg","@id":"https:\/\/www.fcaglp.unlp.edu.ar\/index.php\/seminarios-secyt-juan-carlos-rodriguez-ramirez\/#mainImage","width":2049,"height":2560},"primaryImageOfPage":{"@id":"https:\/\/www.fcaglp.unlp.edu.ar\/index.php\/seminarios-secyt-juan-carlos-rodriguez-ramirez\/#mainImage"},"datePublished":"2025-11-04T09:04:24-03:00","dateModified":"2025-11-04T09:04:28-03:00"},{"@type":"WebSite","@id":"https:\/\/www.fcaglp.unlp.edu.ar\/#website","url":"https:\/\/www.fcaglp.unlp.edu.ar\/","name":"Facultad de Ciencias Astron\u00f3micas y Geof\u00edsicas | UNLP","alternateName":"FCAGLP | UNLP","description":"Facultad de Ciencias Astron\u00f3micas y Geof\u00edsica","inLanguage":"es-AR","publisher":{"@id":"https:\/\/www.fcaglp.unlp.edu.ar\/#organization"}}]},"og:locale":"es_ES","og:site_name":"FCAGLP - UNLP - Facultad de Ciencias Astron\u00f3micas y Geof\u00edsica","og:type":"article","og:title":"SEMINARIOS SECYT \u2013 JUAN CARLOS RODRIGUEZ RAMIREZ - FCAGLP - UNLP","og:description":"\ud83d\udde3CICLO DE SEMINARIOS - SeCyT FCAG\ud83d\udde3 \u2728Emisiones electromagn\u00e9ticas asociadas con fusiones de agujeros negros binarios.A cargo del Dr. Juan Carlos Rodriguez Ramirez \ud83d\uddd3 Jueves 6 de noviembre\u23f0 13:30 h\ud83d\udccd Sal\u00f3n Meridiano - FCAG \u00a1Te esperamos!","og:url":"https:\/\/www.fcaglp.unlp.edu.ar\/index.php\/seminarios-secyt-juan-carlos-rodriguez-ramirez\/","og:image":"https:\/\/www.fcaglp.unlp.edu.ar\/wp-content\/uploads\/2021\/12\/WhatsApp-Image-2021-12-07-at-16.59.26.jpeg","og:image:secure_url":"https:\/\/www.fcaglp.unlp.edu.ar\/wp-content\/uploads\/2021\/12\/WhatsApp-Image-2021-12-07-at-16.59.26.jpeg","article:published_time":"2025-11-04T12:04:24+00:00","article:modified_time":"2025-11-04T12:04:28+00:00","twitter:card":"summary","twitter:title":"SEMINARIOS SECYT \u2013 JUAN CARLOS RODRIGUEZ RAMIREZ - FCAGLP - UNLP","twitter:description":"\ud83d\udde3CICLO DE SEMINARIOS - SeCyT FCAG\ud83d\udde3 \u2728Emisiones electromagn\u00e9ticas asociadas con fusiones de agujeros negros binarios.A cargo del Dr. Juan Carlos Rodriguez Ramirez \ud83d\uddd3 Jueves 6 de noviembre\u23f0 13:30 h\ud83d\udccd Sal\u00f3n Meridiano - FCAG \u00a1Te esperamos!","twitter:image":"https:\/\/www.fcaglp.unlp.edu.ar\/wp-content\/uploads\/2021\/12\/WhatsApp-Image-2021-12-07-at-16.59.26.jpeg"},"aioseo_meta_data":{"post_id":"14556","title":null,"description":null,"keywords":null,"keyphrases":null,"primary_term":null,"canonical_url":null,"og_title":null,"og_description":null,"og_object_type":"default","og_image_type":"default","og_image_url":null,"og_image_width":null,"og_image_height":null,"og_image_custom_url":null,"og_image_custom_fields":null,"og_video":null,"og_custom_url":null,"og_article_section":null,"og_article_tags":null,"twitter_use_og":false,"twitter_card":"default","twitter_image_type":"default","twitter_image_url":null,"twitter_image_custom_url":null,"twitter_image_custom_fields":null,"twitter_title":null,"twitter_description":null,"schema":{"blockGraphs":[],"customGraphs":[],"default":{"data":{"Article":[],"Course":[],"Dataset":[],"FAQPage":[],"Movie":[],"Person":[],"Product":[],"ProductReview":[],"Car":[],"Recipe":[],"Service":[],"SoftwareApplication":[],"WebPage":[]},"graphName":"","isEnabled":true},"graphs":[]},"schema_type":"default","schema_type_options":null,"pillar_content":false,"robots_default":true,"robots_noindex":false,"robots_noarchive":false,"robots_nosnippet":false,"robots_nofollow":false,"robots_noimageindex":false,"robots_noodp":false,"robots_notranslate":false,"robots_max_snippet":null,"robots_max_videopreview":null,"robots_max_imagepreview":"large","priority":null,"frequency":null,"local_seo":null,"breadcrumb_settings":null,"limit_modified_date":false,"ai":null,"created":"2026-08-10 05:36:57","updated":"2026-08-10 05:36:57","seo_analyzer_scan_date":null,"focus_keyword":null,"additional_keywords":null,"truseo_locale":null},"aioseo_breadcrumb":"<div class=\"aioseo-breadcrumbs\"><span class=\"aioseo-breadcrumb\">\n\t\t\t<a href=\"https:\/\/www.fcaglp.unlp.edu.ar\" title=\"Home\">Home<\/a>\n\t\t<\/span><span class=\"aioseo-breadcrumb-separator\">&raquo;<\/span><span class=\"aioseo-breadcrumb\">\n\t\t\t<a href=\"https:\/\/www.fcaglp.unlp.edu.ar\/index.php\/category\/ciclo_de_charlas\/\" title=\"Ciclo de charlas\">Ciclo de charlas<\/a>\n\t\t<\/span><span class=\"aioseo-breadcrumb-separator\">&raquo;<\/span><span class=\"aioseo-breadcrumb\">\n\t\t\tSEMINARIOS SECYT \u2013 JUAN CARLOS RODRIGUEZ RAMIREZ\n\t\t<\/span><\/div>","aioseo_breadcrumb_json":[{"label":"Home","link":"https:\/\/www.fcaglp.unlp.edu.ar"},{"label":"Ciclo de charlas","link":"https:\/\/www.fcaglp.unlp.edu.ar\/index.php\/category\/ciclo_de_charlas\/"},{"label":"SEMINARIOS SECYT &#8211; JUAN CARLOS RODRIGUEZ RAMIREZ","link":"https:\/\/www.fcaglp.unlp.edu.ar\/index.php\/seminarios-secyt-juan-carlos-rodriguez-ramirez\/"}],"_links":{"self":[{"href":"https:\/\/www.fcaglp.unlp.edu.ar\/index.php\/wp-json\/wp\/v2\/posts\/14556","targetHints":{"allow":["GET"]}}],"collection":[{"href":"https:\/\/www.fcaglp.unlp.edu.ar\/index.php\/wp-json\/wp\/v2\/posts"}],"about":[{"href":"https:\/\/www.fcaglp.unlp.edu.ar\/index.php\/wp-json\/wp\/v2\/types\/post"}],"author":[{"embeddable":true,"href":"https:\/\/www.fcaglp.unlp.edu.ar\/index.php\/wp-json\/wp\/v2\/users\/3"}],"replies":[{"embeddable":true,"href":"https:\/\/www.fcaglp.unlp.edu.ar\/index.php\/wp-json\/wp\/v2\/comments?post=14556"}],"version-history":[{"count":1,"href":"https:\/\/www.fcaglp.unlp.edu.ar\/index.php\/wp-json\/wp\/v2\/posts\/14556\/revisions"}],"predecessor-version":[{"id":14561,"href":"https:\/\/www.fcaglp.unlp.edu.ar\/index.php\/wp-json\/wp\/v2\/posts\/14556\/revisions\/14561"}],"wp:featuredmedia":[{"embeddable":true,"href":"https:\/\/www.fcaglp.unlp.edu.ar\/index.php\/wp-json\/wp\/v2\/media\/14559"}],"wp:attachment":[{"href":"https:\/\/www.fcaglp.unlp.edu.ar\/index.php\/wp-json\/wp\/v2\/media?parent=14556"}],"wp:term":[{"taxonomy":"category","embeddable":true,"href":"https:\/\/www.fcaglp.unlp.edu.ar\/index.php\/wp-json\/wp\/v2\/categories?post=14556"},{"taxonomy":"post_tag","embeddable":true,"href":"https:\/\/www.fcaglp.unlp.edu.ar\/index.php\/wp-json\/wp\/v2\/tags?post=14556"},{"taxonomy":"ubicacionentradas","embeddable":true,"href":"https:\/\/www.fcaglp.unlp.edu.ar\/index.php\/wp-json\/wp\/v2\/ubicacionentradas?post=14556"}],"curies":[{"name":"wp","href":"https:\/\/api.w.org\/{rel}","templated":true}]}}