{"id":12617,"date":"2025-06-18T13:10:39","date_gmt":"2025-06-18T16:10:39","guid":{"rendered":"https:\/\/www.fcaglp.unlp.edu.ar\/?p=12617"},"modified":"2025-06-18T13:10:40","modified_gmt":"2025-06-18T16:10:40","slug":"feria-de-ciencias-fcag","status":"publish","type":"post","link":"https:\/\/www.fcaglp.unlp.edu.ar\/index.php\/feria-de-ciencias-fcag\/","title":{"rendered":"FERIA DE CIENCIAS FCAG"},"content":{"rendered":"\n<figure class=\"wp-block-image size-large\"><img fetchpriority=\"high\" decoding=\"async\" width=\"1024\" height=\"528\" src=\"https:\/\/www.fcaglp.unlp.edu.ar\/wp-content\/uploads\/2025\/06\/FERIA-CIENCIAS-02-1024x528.jpg\" alt=\"\" class=\"wp-image-12618\" srcset=\"https:\/\/www.fcaglp.unlp.edu.ar\/wp-content\/uploads\/2025\/06\/FERIA-CIENCIAS-02-1024x528.jpg 1024w, https:\/\/www.fcaglp.unlp.edu.ar\/wp-content\/uploads\/2025\/06\/FERIA-CIENCIAS-02-300x155.jpg 300w, https:\/\/www.fcaglp.unlp.edu.ar\/wp-content\/uploads\/2025\/06\/FERIA-CIENCIAS-02-768x396.jpg 768w, https:\/\/www.fcaglp.unlp.edu.ar\/wp-content\/uploads\/2025\/06\/FERIA-CIENCIAS-02-1536x792.jpg 1536w, https:\/\/www.fcaglp.unlp.edu.ar\/wp-content\/uploads\/2025\/06\/FERIA-CIENCIAS-02-2048x1055.jpg 2048w\" sizes=\"(max-width: 1024px) 100vw, 1024px\" \/><\/figure>\n\n\n\n<div style=\"height:33px\" aria-hidden=\"true\" class=\"wp-block-spacer\"><\/div>\n\n\n\n<p class=\"wp-block-paragraph\">\ud83d\udc49 El pr\u00f3ximo mi\u00e9rcoles 2 de Julio los invitamos a participar de la Feria de Ciencias de la FCAG, en el marco del conflicto presupuestario que atraviesan las Universidades Nacionales.<\/p>\n\n\n\n<p class=\"wp-block-paragraph\">Con el objetivo de&nbsp; visibilizar todo lo que se hace desde nuestra Facultad y continuar estrechando los lazos con la sociedad, la misma se realizar\u00e1 en las inmediaciones de nuestro PlanetarioUNLP con diversas actividades.<\/p>\n\n\n\n<p class=\"wp-block-paragraph\">\ud83d\uddd3\ufe0f Mi\u00e9rcoles 2 de Julio<br>\u23f011:00 a 15:00 h<br>\ud83c\udf9f\ufe0f Entrada libre y gratuita\u00a0<br>\ud83d\udccd En el Planetario UNLP<\/p>\n\n\n\n<p class=\"wp-block-paragraph\">\u2728La feria constar\u00e1 de la instalaci\u00f3n de espacios que abarquen temas como:&nbsp; Semana de la Tierra, p\u00f3sters, charlas de divulgaci\u00f3n, observaci\u00f3n con telescopios, divulgaci\u00f3n de las carreras, feria de emprendedores, stands interactivos del Planetario, actividades tem\u00e1ticas para ni\u00f1os, etc.<\/p>\n\n\n\n<p class=\"wp-block-paragraph\">Si sos parte de la FCAG y quer\u00e9s participar o sos emprendedor ingres\u00e1 <strong><a href=\"https:\/\/forms.gle\/Y3WHbSN9AtZW3jVt6\" title=\"\">AC\u00c1<\/a><\/strong><\/p>\n\n\n\n<p class=\"wp-block-paragraph\">\u00a1Te esperamos!<\/p>\n","protected":false},"excerpt":{"rendered":"<p>\ud83d\udc49 El pr\u00f3ximo mi\u00e9rcoles 2 de Julio los invitamos a participar de la Feria de Ciencias de la FCAG, en el marco del conflicto presupuestario que atraviesan las Universidades Nacionales. Con el objetivo de&nbsp; visibilizar todo lo que se hace desde nuestra Facultad y continuar estrechando los lazos con la sociedad, la misma se realizar\u00e1&hellip;&nbsp;<a href=\"https:\/\/www.fcaglp.unlp.edu.ar\/index.php\/feria-de-ciencias-fcag\/\" rel=\"bookmark\">Read More &raquo;<span class=\"screen-reader-text\">FERIA DE CIENCIAS FCAG<\/span><\/a><\/p>\n","protected":false},"author":3,"featured_media":12619,"comment_status":"closed","ping_status":"closed","sticky":false,"template":"","format":"standard","meta":{"neve_meta_sidebar":"","neve_meta_container":"","neve_meta_enable_content_width":"","neve_meta_content_width":0,"neve_meta_title_alignment":"","neve_meta_author_avatar":"","neve_post_elements_order":"","neve_meta_disable_header":"","neve_meta_disable_footer":"","neve_meta_disable_title":"","neve_meta_reading_time":"","_themeisle_gutenberg_block_has_review":false,"footnotes":""},"categories":[5010],"tags":[],"ubicacionentradas":[19],"class_list":["post-12617","post","type-post","status-publish","format-standard","has-post-thumbnail","hentry","category-noticias","ubicacionentradas-noticias"],"aioseo_notices":[],"aioseo_head":"\n\t\t<!-- All in One SEO 5.0.1.1 - aioseo.com -->\n\t<meta name=\"description\" content=\"\ud83d\udc49 El pr\u00f3ximo mi\u00e9rcoles 2 de Julio los invitamos a participar de la Feria de Ciencias de la FCAG, en el marco del conflicto presupuestario que atraviesan las Universidades Nacionales. Con el objetivo de visibilizar todo lo que se hace desde nuestra Facultad y continuar estrechando los lazos con la sociedad, la misma se realizar\u00e1\" \/>\n\t<meta name=\"robots\" content=\"max-image-preview:large\" \/>\n\t<meta name=\"author\" content=\"Emilia\"\/>\n\t<link rel=\"canonical\" href=\"https:\/\/www.fcaglp.unlp.edu.ar\/index.php\/feria-de-ciencias-fcag\/\" \/>\n\t<meta name=\"generator\" content=\"All in One SEO (AIOSEO) 5.0.1.1\" \/>\n\t\t<meta property=\"og:locale\" content=\"es_ES\" \/>\n\t\t<meta property=\"og:site_name\" content=\"FCAGLP - UNLP - Facultad de Ciencias Astron\u00f3micas y Geof\u00edsica\" \/>\n\t\t<meta property=\"og:type\" content=\"article\" \/>\n\t\t<meta property=\"og:title\" content=\"FERIA DE CIENCIAS FCAG - FCAGLP - UNLP\" \/>\n\t\t<meta property=\"og:description\" content=\"\ud83d\udc49 El pr\u00f3ximo mi\u00e9rcoles 2 de Julio los invitamos a participar de la Feria de Ciencias de la FCAG, en el marco del conflicto presupuestario que atraviesan las Universidades Nacionales. Con el objetivo de visibilizar todo lo que se hace desde nuestra Facultad y continuar estrechando los lazos con la sociedad, la misma se realizar\u00e1\" \/>\n\t\t<meta property=\"og:url\" content=\"https:\/\/www.fcaglp.unlp.edu.ar\/index.php\/feria-de-ciencias-fcag\/\" \/>\n\t\t<meta property=\"og:image\" content=\"https:\/\/www.fcaglp.unlp.edu.ar\/wp-content\/uploads\/2021\/12\/WhatsApp-Image-2021-12-07-at-16.59.26.jpeg\" \/>\n\t\t<meta property=\"og:image:secure_url\" content=\"https:\/\/www.fcaglp.unlp.edu.ar\/wp-content\/uploads\/2021\/12\/WhatsApp-Image-2021-12-07-at-16.59.26.jpeg\" \/>\n\t\t<meta property=\"article:published_time\" content=\"2025-06-18T16:10:39+00:00\" \/>\n\t\t<meta property=\"article:modified_time\" content=\"2025-06-18T16:10:40+00:00\" \/>\n\t\t<meta name=\"twitter:card\" content=\"summary\" \/>\n\t\t<meta name=\"twitter:title\" content=\"FERIA DE CIENCIAS FCAG - FCAGLP - UNLP\" \/>\n\t\t<meta name=\"twitter:description\" content=\"\ud83d\udc49 El pr\u00f3ximo mi\u00e9rcoles 2 de Julio los invitamos a participar de la Feria de Ciencias de la FCAG, en el marco del conflicto presupuestario que atraviesan las Universidades Nacionales. Con el objetivo de visibilizar todo lo que se hace desde nuestra Facultad y continuar estrechando los lazos con la sociedad, la misma se realizar\u00e1\" \/>\n\t\t<meta name=\"twitter:image\" content=\"https:\/\/www.fcaglp.unlp.edu.ar\/wp-content\/uploads\/2021\/12\/WhatsApp-Image-2021-12-07-at-16.59.26.jpeg\" \/>\n\t\t<script type=\"application\/ld+json\" class=\"aioseo-schema\">\n\t\t\t{\"@context\":\"https:\\\/\\\/schema.org\",\"@graph\":[{\"@type\":\"BlogPosting\",\"@id\":\"https:\\\/\\\/www.fcaglp.unlp.edu.ar\\\/index.php\\\/feria-de-ciencias-fcag\\\/#blogposting\",\"name\":\"FERIA DE CIENCIAS FCAG - FCAGLP - UNLP\",\"headline\":\"FERIA DE CIENCIAS FCAG\",\"author\":{\"@id\":\"https:\\\/\\\/www.fcaglp.unlp.edu.ar\\\/index.php\\\/author\\\/emilia\\\/#author\"},\"publisher\":{\"@id\":\"https:\\\/\\\/www.fcaglp.unlp.edu.ar\\\/#organization\"},\"image\":{\"@type\":\"ImageObject\",\"url\":\"https:\\\/\\\/www.fcaglp.unlp.edu.ar\\\/wp-content\\\/uploads\\\/2025\\\/06\\\/FERIA-CIENCIAS-01.jpg\",\"width\":2251,\"height\":2251},\"datePublished\":\"2025-06-18T13:10:39-03:00\",\"dateModified\":\"2025-06-18T13:10:40-03:00\",\"inLanguage\":\"es-AR\",\"mainEntityOfPage\":{\"@id\":\"https:\\\/\\\/www.fcaglp.unlp.edu.ar\\\/index.php\\\/feria-de-ciencias-fcag\\\/#webpage\"},\"isPartOf\":{\"@id\":\"https:\\\/\\\/www.fcaglp.unlp.edu.ar\\\/index.php\\\/feria-de-ciencias-fcag\\\/#webpage\"},\"articleSection\":\"Noticias, Noticias\"},{\"@type\":\"BreadcrumbList\",\"@id\":\"https:\\\/\\\/www.fcaglp.unlp.edu.ar\\\/index.php\\\/feria-de-ciencias-fcag\\\/#breadcrumblist\",\"itemListElement\":[{\"@type\":\"ListItem\",\"@id\":\"https:\\\/\\\/www.fcaglp.unlp.edu.ar#listItem\",\"position\":1,\"name\":\"Home\",\"item\":\"https:\\\/\\\/www.fcaglp.unlp.edu.ar\",\"nextItem\":{\"@type\":\"ListItem\",\"@id\":\"https:\\\/\\\/www.fcaglp.unlp.edu.ar\\\/index.php\\\/category\\\/noticias\\\/#listItem\",\"name\":\"Noticias\"}},{\"@type\":\"ListItem\",\"@id\":\"https:\\\/\\\/www.fcaglp.unlp.edu.ar\\\/index.php\\\/category\\\/noticias\\\/#listItem\",\"position\":2,\"name\":\"Noticias\",\"item\":\"https:\\\/\\\/www.fcaglp.unlp.edu.ar\\\/index.php\\\/category\\\/noticias\\\/\",\"nextItem\":{\"@type\":\"ListItem\",\"@id\":\"https:\\\/\\\/www.fcaglp.unlp.edu.ar\\\/index.php\\\/feria-de-ciencias-fcag\\\/#listItem\",\"name\":\"FERIA DE CIENCIAS FCAG\"},\"previousItem\":{\"@type\":\"ListItem\",\"@id\":\"https:\\\/\\\/www.fcaglp.unlp.edu.ar#listItem\",\"name\":\"Home\"}},{\"@type\":\"ListItem\",\"@id\":\"https:\\\/\\\/www.fcaglp.unlp.edu.ar\\\/index.php\\\/feria-de-ciencias-fcag\\\/#listItem\",\"position\":3,\"name\":\"FERIA DE CIENCIAS FCAG\",\"previousItem\":{\"@type\":\"ListItem\",\"@id\":\"https:\\\/\\\/www.fcaglp.unlp.edu.ar\\\/index.php\\\/category\\\/noticias\\\/#listItem\",\"name\":\"Noticias\"}}]},{\"@type\":\"Organization\",\"@id\":\"https:\\\/\\\/www.fcaglp.unlp.edu.ar\\\/#organization\",\"name\":\"Facultad de Ciencias Astron\\u00f3micas y Geof\\u00edsicas\",\"description\":\"Facultad de Ciencias Astron\\u00f3micas y Geof\\u00edsica\",\"url\":\"https:\\\/\\\/www.fcaglp.unlp.edu.ar\\\/\",\"logo\":{\"@type\":\"ImageObject\",\"url\":\"https:\\\/\\\/www.fcaglp.unlp.edu.ar\\\/wp-content\\\/uploads\\\/2021\\\/12\\\/WhatsApp-Image-2021-12-07-at-16.59.26.jpeg\",\"@id\":\"https:\\\/\\\/www.fcaglp.unlp.edu.ar\\\/index.php\\\/feria-de-ciencias-fcag\\\/#organizationLogo\",\"width\":210,\"height\":74},\"image\":{\"@id\":\"https:\\\/\\\/www.fcaglp.unlp.edu.ar\\\/index.php\\\/feria-de-ciencias-fcag\\\/#organizationLogo\"}},{\"@type\":\"Person\",\"@id\":\"https:\\\/\\\/www.fcaglp.unlp.edu.ar\\\/index.php\\\/author\\\/emilia\\\/#author\",\"url\":\"https:\\\/\\\/www.fcaglp.unlp.edu.ar\\\/index.php\\\/author\\\/emilia\\\/\",\"name\":\"Emilia\"},{\"@type\":\"WebPage\",\"@id\":\"https:\\\/\\\/www.fcaglp.unlp.edu.ar\\\/index.php\\\/feria-de-ciencias-fcag\\\/#webpage\",\"url\":\"https:\\\/\\\/www.fcaglp.unlp.edu.ar\\\/index.php\\\/feria-de-ciencias-fcag\\\/\",\"name\":\"FERIA DE CIENCIAS FCAG - FCAGLP - UNLP\",\"description\":\"\\ud83d\\udc49 El pr\\u00f3ximo mi\\u00e9rcoles 2 de Julio los invitamos a participar de la Feria de Ciencias de la FCAG, en el marco del conflicto presupuestario que atraviesan las Universidades Nacionales. Con el objetivo de visibilizar todo lo que se hace desde nuestra Facultad y continuar estrechando los lazos con la sociedad, la misma se realizar\\u00e1\",\"inLanguage\":\"es-AR\",\"isPartOf\":{\"@id\":\"https:\\\/\\\/www.fcaglp.unlp.edu.ar\\\/#website\"},\"breadcrumb\":{\"@id\":\"https:\\\/\\\/www.fcaglp.unlp.edu.ar\\\/index.php\\\/feria-de-ciencias-fcag\\\/#breadcrumblist\"},\"author\":{\"@id\":\"https:\\\/\\\/www.fcaglp.unlp.edu.ar\\\/index.php\\\/author\\\/emilia\\\/#author\"},\"creator\":{\"@id\":\"https:\\\/\\\/www.fcaglp.unlp.edu.ar\\\/index.php\\\/author\\\/emilia\\\/#author\"},\"image\":{\"@type\":\"ImageObject\",\"url\":\"https:\\\/\\\/www.fcaglp.unlp.edu.ar\\\/wp-content\\\/uploads\\\/2025\\\/06\\\/FERIA-CIENCIAS-01.jpg\",\"@id\":\"https:\\\/\\\/www.fcaglp.unlp.edu.ar\\\/index.php\\\/feria-de-ciencias-fcag\\\/#mainImage\",\"width\":2251,\"height\":2251},\"primaryImageOfPage\":{\"@id\":\"https:\\\/\\\/www.fcaglp.unlp.edu.ar\\\/index.php\\\/feria-de-ciencias-fcag\\\/#mainImage\"},\"datePublished\":\"2025-06-18T13:10:39-03:00\",\"dateModified\":\"2025-06-18T13:10:40-03:00\"},{\"@type\":\"WebSite\",\"@id\":\"https:\\\/\\\/www.fcaglp.unlp.edu.ar\\\/#website\",\"url\":\"https:\\\/\\\/www.fcaglp.unlp.edu.ar\\\/\",\"name\":\"Facultad de Ciencias Astron\\u00f3micas y Geof\\u00edsicas | UNLP\",\"alternateName\":\"FCAGLP | UNLP\",\"description\":\"Facultad de Ciencias Astron\\u00f3micas y Geof\\u00edsica\",\"inLanguage\":\"es-AR\",\"publisher\":{\"@id\":\"https:\\\/\\\/www.fcaglp.unlp.edu.ar\\\/#organization\"}}]}\n\t\t<\/script>\n\t\t<!-- All in One SEO -->\n\n","aioseo_head_json":{"title":"FERIA DE CIENCIAS FCAG - FCAGLP - UNLP","description":"\ud83d\udc49 El pr\u00f3ximo mi\u00e9rcoles 2 de Julio los invitamos a participar de la Feria de Ciencias de la FCAG, en el marco del conflicto presupuestario que atraviesan las Universidades Nacionales. Con el objetivo de visibilizar todo lo que se hace desde nuestra Facultad y continuar estrechando los lazos con la sociedad, la misma se realizar\u00e1","canonical_url":"https:\/\/www.fcaglp.unlp.edu.ar\/index.php\/feria-de-ciencias-fcag\/","robots":"max-image-preview:large","keywords":"","webmasterTools":{"miscellaneous":""},"schema":{"@context":"https:\/\/schema.org","@graph":[{"@type":"BlogPosting","@id":"https:\/\/www.fcaglp.unlp.edu.ar\/index.php\/feria-de-ciencias-fcag\/#blogposting","name":"FERIA DE CIENCIAS FCAG - FCAGLP - UNLP","headline":"FERIA DE CIENCIAS FCAG","author":{"@id":"https:\/\/www.fcaglp.unlp.edu.ar\/index.php\/author\/emilia\/#author"},"publisher":{"@id":"https:\/\/www.fcaglp.unlp.edu.ar\/#organization"},"image":{"@type":"ImageObject","url":"https:\/\/www.fcaglp.unlp.edu.ar\/wp-content\/uploads\/2025\/06\/FERIA-CIENCIAS-01.jpg","width":2251,"height":2251},"datePublished":"2025-06-18T13:10:39-03:00","dateModified":"2025-06-18T13:10:40-03:00","inLanguage":"es-AR","mainEntityOfPage":{"@id":"https:\/\/www.fcaglp.unlp.edu.ar\/index.php\/feria-de-ciencias-fcag\/#webpage"},"isPartOf":{"@id":"https:\/\/www.fcaglp.unlp.edu.ar\/index.php\/feria-de-ciencias-fcag\/#webpage"},"articleSection":"Noticias, Noticias"},{"@type":"BreadcrumbList","@id":"https:\/\/www.fcaglp.unlp.edu.ar\/index.php\/feria-de-ciencias-fcag\/#breadcrumblist","itemListElement":[{"@type":"ListItem","@id":"https:\/\/www.fcaglp.unlp.edu.ar#listItem","position":1,"name":"Home","item":"https:\/\/www.fcaglp.unlp.edu.ar","nextItem":{"@type":"ListItem","@id":"https:\/\/www.fcaglp.unlp.edu.ar\/index.php\/category\/noticias\/#listItem","name":"Noticias"}},{"@type":"ListItem","@id":"https:\/\/www.fcaglp.unlp.edu.ar\/index.php\/category\/noticias\/#listItem","position":2,"name":"Noticias","item":"https:\/\/www.fcaglp.unlp.edu.ar\/index.php\/category\/noticias\/","nextItem":{"@type":"ListItem","@id":"https:\/\/www.fcaglp.unlp.edu.ar\/index.php\/feria-de-ciencias-fcag\/#listItem","name":"FERIA DE CIENCIAS FCAG"},"previousItem":{"@type":"ListItem","@id":"https:\/\/www.fcaglp.unlp.edu.ar#listItem","name":"Home"}},{"@type":"ListItem","@id":"https:\/\/www.fcaglp.unlp.edu.ar\/index.php\/feria-de-ciencias-fcag\/#listItem","position":3,"name":"FERIA DE CIENCIAS FCAG","previousItem":{"@type":"ListItem","@id":"https:\/\/www.fcaglp.unlp.edu.ar\/index.php\/category\/noticias\/#listItem","name":"Noticias"}}]},{"@type":"Organization","@id":"https:\/\/www.fcaglp.unlp.edu.ar\/#organization","name":"Facultad de Ciencias Astron\u00f3micas y Geof\u00edsicas","description":"Facultad de Ciencias Astron\u00f3micas y Geof\u00edsica","url":"https:\/\/www.fcaglp.unlp.edu.ar\/","logo":{"@type":"ImageObject","url":"https:\/\/www.fcaglp.unlp.edu.ar\/wp-content\/uploads\/2021\/12\/WhatsApp-Image-2021-12-07-at-16.59.26.jpeg","@id":"https:\/\/www.fcaglp.unlp.edu.ar\/index.php\/feria-de-ciencias-fcag\/#organizationLogo","width":210,"height":74},"image":{"@id":"https:\/\/www.fcaglp.unlp.edu.ar\/index.php\/feria-de-ciencias-fcag\/#organizationLogo"}},{"@type":"Person","@id":"https:\/\/www.fcaglp.unlp.edu.ar\/index.php\/author\/emilia\/#author","url":"https:\/\/www.fcaglp.unlp.edu.ar\/index.php\/author\/emilia\/","name":"Emilia"},{"@type":"WebPage","@id":"https:\/\/www.fcaglp.unlp.edu.ar\/index.php\/feria-de-ciencias-fcag\/#webpage","url":"https:\/\/www.fcaglp.unlp.edu.ar\/index.php\/feria-de-ciencias-fcag\/","name":"FERIA DE CIENCIAS FCAG - FCAGLP - UNLP","description":"\ud83d\udc49 El pr\u00f3ximo mi\u00e9rcoles 2 de Julio los invitamos a participar de la Feria de Ciencias de la FCAG, en el marco del conflicto presupuestario que atraviesan las Universidades Nacionales. Con el objetivo de visibilizar todo lo que se hace desde nuestra Facultad y continuar estrechando los lazos con la sociedad, la misma se realizar\u00e1","inLanguage":"es-AR","isPartOf":{"@id":"https:\/\/www.fcaglp.unlp.edu.ar\/#website"},"breadcrumb":{"@id":"https:\/\/www.fcaglp.unlp.edu.ar\/index.php\/feria-de-ciencias-fcag\/#breadcrumblist"},"author":{"@id":"https:\/\/www.fcaglp.unlp.edu.ar\/index.php\/author\/emilia\/#author"},"creator":{"@id":"https:\/\/www.fcaglp.unlp.edu.ar\/index.php\/author\/emilia\/#author"},"image":{"@type":"ImageObject","url":"https:\/\/www.fcaglp.unlp.edu.ar\/wp-content\/uploads\/2025\/06\/FERIA-CIENCIAS-01.jpg","@id":"https:\/\/www.fcaglp.unlp.edu.ar\/index.php\/feria-de-ciencias-fcag\/#mainImage","width":2251,"height":2251},"primaryImageOfPage":{"@id":"https:\/\/www.fcaglp.unlp.edu.ar\/index.php\/feria-de-ciencias-fcag\/#mainImage"},"datePublished":"2025-06-18T13:10:39-03:00","dateModified":"2025-06-18T13:10:40-03:00"},{"@type":"WebSite","@id":"https:\/\/www.fcaglp.unlp.edu.ar\/#website","url":"https:\/\/www.fcaglp.unlp.edu.ar\/","name":"Facultad de Ciencias Astron\u00f3micas y Geof\u00edsicas | UNLP","alternateName":"FCAGLP | UNLP","description":"Facultad de Ciencias Astron\u00f3micas y Geof\u00edsica","inLanguage":"es-AR","publisher":{"@id":"https:\/\/www.fcaglp.unlp.edu.ar\/#organization"}}]},"og:locale":"es_ES","og:site_name":"FCAGLP - UNLP - Facultad de Ciencias Astron\u00f3micas y Geof\u00edsica","og:type":"article","og:title":"FERIA DE CIENCIAS FCAG - FCAGLP - UNLP","og:description":"\ud83d\udc49 El pr\u00f3ximo mi\u00e9rcoles 2 de Julio los invitamos a participar de la Feria de Ciencias de la FCAG, en el marco del conflicto presupuestario que atraviesan las Universidades Nacionales. Con el objetivo de visibilizar todo lo que se hace desde nuestra Facultad y continuar estrechando los lazos con la sociedad, la misma se realizar\u00e1","og:url":"https:\/\/www.fcaglp.unlp.edu.ar\/index.php\/feria-de-ciencias-fcag\/","og:image":"https:\/\/www.fcaglp.unlp.edu.ar\/wp-content\/uploads\/2021\/12\/WhatsApp-Image-2021-12-07-at-16.59.26.jpeg","og:image:secure_url":"https:\/\/www.fcaglp.unlp.edu.ar\/wp-content\/uploads\/2021\/12\/WhatsApp-Image-2021-12-07-at-16.59.26.jpeg","article:published_time":"2025-06-18T16:10:39+00:00","article:modified_time":"2025-06-18T16:10:40+00:00","twitter:card":"summary","twitter:title":"FERIA DE CIENCIAS FCAG - FCAGLP - UNLP","twitter:description":"\ud83d\udc49 El pr\u00f3ximo mi\u00e9rcoles 2 de Julio los invitamos a participar de la Feria de Ciencias de la FCAG, en el marco del conflicto presupuestario que atraviesan las Universidades Nacionales. Con el objetivo de visibilizar todo lo que se hace desde nuestra Facultad y continuar estrechando los lazos con la sociedad, la misma se realizar\u00e1","twitter:image":"https:\/\/www.fcaglp.unlp.edu.ar\/wp-content\/uploads\/2021\/12\/WhatsApp-Image-2021-12-07-at-16.59.26.jpeg"},"aioseo_meta_data":{"post_id":"12617","title":null,"description":null,"keywords":null,"keyphrases":null,"primary_term":null,"canonical_url":null,"og_title":null,"og_description":null,"og_object_type":"default","og_image_type":"default","og_image_url":null,"og_image_width":null,"og_image_height":null,"og_image_custom_url":null,"og_image_custom_fields":null,"og_video":null,"og_custom_url":null,"og_article_section":null,"og_article_tags":null,"twitter_use_og":false,"twitter_card":"default","twitter_image_type":"default","twitter_image_url":null,"twitter_image_custom_url":null,"twitter_image_custom_fields":null,"twitter_title":null,"twitter_description":null,"schema":{"blockGraphs":[],"customGraphs":[],"default":{"data":{"Article":[],"Course":[],"Dataset":[],"FAQPage":[],"Movie":[],"Person":[],"Product":[],"ProductReview":[],"Car":[],"Recipe":[],"Service":[],"SoftwareApplication":[],"WebPage":[]},"graphName":"","isEnabled":true},"graphs":[]},"schema_type":"default","schema_type_options":null,"pillar_content":false,"robots_default":true,"robots_noindex":false,"robots_noarchive":false,"robots_nosnippet":false,"robots_nofollow":false,"robots_noimageindex":false,"robots_noodp":false,"robots_notranslate":false,"robots_max_snippet":null,"robots_max_videopreview":null,"robots_max_imagepreview":"large","priority":null,"frequency":null,"local_seo":null,"breadcrumb_settings":null,"limit_modified_date":false,"ai":null,"created":"2026-08-10 05:02:04","updated":"2026-08-10 05:02:04","seo_analyzer_scan_date":null,"focus_keyword":null,"additional_keywords":null,"truseo_locale":null},"aioseo_breadcrumb":"<div class=\"aioseo-breadcrumbs\"><span class=\"aioseo-breadcrumb\">\n\t\t\t<a href=\"https:\/\/www.fcaglp.unlp.edu.ar\" title=\"Home\">Home<\/a>\n\t\t<\/span><span class=\"aioseo-breadcrumb-separator\">&raquo;<\/span><span class=\"aioseo-breadcrumb\">\n\t\t\t<a href=\"https:\/\/www.fcaglp.unlp.edu.ar\/index.php\/category\/noticias\/\" title=\"Noticias\">Noticias<\/a>\n\t\t<\/span><span class=\"aioseo-breadcrumb-separator\">&raquo;<\/span><span class=\"aioseo-breadcrumb\">\n\t\t\tFERIA DE CIENCIAS FCAG\n\t\t<\/span><\/div>","aioseo_breadcrumb_json":[{"label":"Home","link":"https:\/\/www.fcaglp.unlp.edu.ar"},{"label":"Noticias","link":"https:\/\/www.fcaglp.unlp.edu.ar\/index.php\/category\/noticias\/"},{"label":"FERIA DE CIENCIAS FCAG","link":"https:\/\/www.fcaglp.unlp.edu.ar\/index.php\/feria-de-ciencias-fcag\/"}],"_links":{"self":[{"href":"https:\/\/www.fcaglp.unlp.edu.ar\/index.php\/wp-json\/wp\/v2\/posts\/12617","targetHints":{"allow":["GET"]}}],"collection":[{"href":"https:\/\/www.fcaglp.unlp.edu.ar\/index.php\/wp-json\/wp\/v2\/posts"}],"about":[{"href":"https:\/\/www.fcaglp.unlp.edu.ar\/index.php\/wp-json\/wp\/v2\/types\/post"}],"author":[{"embeddable":true,"href":"https:\/\/www.fcaglp.unlp.edu.ar\/index.php\/wp-json\/wp\/v2\/users\/3"}],"replies":[{"embeddable":true,"href":"https:\/\/www.fcaglp.unlp.edu.ar\/index.php\/wp-json\/wp\/v2\/comments?post=12617"}],"version-history":[{"count":1,"href":"https:\/\/www.fcaglp.unlp.edu.ar\/index.php\/wp-json\/wp\/v2\/posts\/12617\/revisions"}],"predecessor-version":[{"id":12620,"href":"https:\/\/www.fcaglp.unlp.edu.ar\/index.php\/wp-json\/wp\/v2\/posts\/12617\/revisions\/12620"}],"wp:featuredmedia":[{"embeddable":true,"href":"https:\/\/www.fcaglp.unlp.edu.ar\/index.php\/wp-json\/wp\/v2\/media\/12619"}],"wp:attachment":[{"href":"https:\/\/www.fcaglp.unlp.edu.ar\/index.php\/wp-json\/wp\/v2\/media?parent=12617"}],"wp:term":[{"taxonomy":"category","embeddable":true,"href":"https:\/\/www.fcaglp.unlp.edu.ar\/index.php\/wp-json\/wp\/v2\/categories?post=12617"},{"taxonomy":"post_tag","embeddable":true,"href":"https:\/\/www.fcaglp.unlp.edu.ar\/index.php\/wp-json\/wp\/v2\/tags?post=12617"},{"taxonomy":"ubicacionentradas","embeddable":true,"href":"https:\/\/www.fcaglp.unlp.edu.ar\/index.php\/wp-json\/wp\/v2\/ubicacionentradas?post=12617"}],"curies":[{"name":"wp","href":"https:\/\/api.w.org\/{rel}","templated":true}]}}